{"id":46,"date":"2008-10-18T12:22:56","date_gmt":"2008-10-18T15:22:56","guid":{"rendered":"https:\/\/portalv1.com.br\/?p=46"},"modified":"2008-10-18T12:28:00","modified_gmt":"2008-10-18T15:28:00","slug":"governador-wellington-dias-beneficia-valenca-com-projetos-de-inclusao-digital-e-turismo","status":"publish","type":"post","link":"https:\/\/portalv1.com.br\/governador-wellington-dias-beneficia-valenca-com-projetos-de-inclusao-digital-e-turismo\/","title":{"rendered":"Governador Wellington Dias beneficia Valen\u00e7a com projetos de Inclus\u00e3o Digital e Turismo."},"content":{"rendered":"<p style=\"white;\"><span style=\"Arial;\"><img loading=\"lazy\" decoding=\"async\" src=\"fotos\/floraisabel.jpg\" alt=\"Deputada \" width=\"300\" height=\"225\" \/><\/span><\/p>\n<p style=\"white;\"><span style=\"Arial;\">Confirmado para ter\u00e7a-feira 21 de outubro, o in\u00edcio das inscri\u00e7\u00f5es para a Escola M\u00f3vel de Inclus\u00e3o Digital da Secretaria de Assist\u00eancia Social e Cidadania (Sasc), a informa\u00e7\u00e3o foi repassada nessa sexta-feira (17) a Sucesso FM pela deputada Flora Isabel do PT. A deputada disse que ser\u00e3o beneficiadas 480 pessoas, entre jovens e adultos durante dois meses \u201cnesse curso os alunos apreender\u00e3o no\u00e7\u00f5es b\u00e1sicas de inform\u00e1tica e ao final iremos sortear um computador para os participantes com a presen\u00e7a da secret\u00e1ria da Sasc Gilvana Gayoso e do governador Wellington Dias\u201d. As aulas ter\u00e3o in\u00edcio no dia 27 de outubro no Centro Social Urbano (CSU). <\/span><\/p>\n<p style=\"white;\"><span style=\"Arial;\"><img loading=\"lazy\" decoding=\"async\" src=\"fotos\/mesadepedra.jpg\" alt=\"\" width=\"300\" height=\"225\" \/><\/span><\/p>\n<div><\/div>\n<p><span style=\"Arial;\"><\/p>\n<p style=\"white;\"><span style=\"Arial;\">A deputada petista falou tamb\u00e9m da iniciativa do governo do estado de construir uma Orla na Barragem de Mesa de Pedra, via Secretaria do Turismo \u201cestivemos na companhia do secret\u00e1rio Silvio Leite, Rubens Alencar, lideran\u00e7as municipais e dos t\u00e9cnicos da secretaria para conhecer e elaborar o projeto da orla que ir\u00e1 beneficiar todos os munic\u00edpios da regi\u00e3o, o secret\u00e1rio Silvio est\u00e1 entusiasmado com o projeto\u201d explicou. O projeto garantir\u00e1 uma melhor infra-estrutura para o local, como tamb\u00e9m ser\u00e3o fomentados projetos produtivos para a comunidade, al\u00e9m de incrementar o turismo. A Mesa de Pedra tem capacidade de 47,5 milh\u00f5es de metros c\u00fabicos, ela est\u00e1 localizada entre os munic\u00edpios de Valen\u00e7a, Aroazes e Elesb\u00e3o Veloso. <span style=\"yes;\">\u00a0<\/span><span style=\"yes;\">\u00a0<\/span><\/span><\/p>\n<p>\u00a0<\/p>\n<p>\u00a0<\/p>\n<p><\/span><\/p>\n","protected":false},"excerpt":{"rendered":"<p>Confirmado para ter\u00e7a-feira 21 de outubro, o in\u00edcio das inscri\u00e7\u00f5es para a Escola M\u00f3vel de Inclus\u00e3o Digital da Secretaria de Assist\u00eancia Social e Cidadania (Sasc), a informa\u00e7\u00e3o foi repassada nessa&#8230;<\/p>\n","protected":false},"author":2,"featured_media":0,"comment_status":"open","ping_status":"open","sticky":false,"template":"","format":"standard","meta":{"ngg_post_thumbnail":0,"footnotes":""},"categories":[12],"tags":[47,44,45,46],"class_list":["post-46","post","type-post","status-publish","format-standard","hentry","category-valenca-news","tag-gilvana-gayoso","tag-inclusao-digital","tag-mesa-de-pedra","tag-sacs"],"views":539,"meta_data":{"thumb":null,"imagem":null,"data":{"simple":"18\/10\/2008","date_time":"18\/10\/2008 09:22:56","date":"h\u00e1 18 anos"},"chapeu":"","source":""},"_links":{"self":[{"href":"https:\/\/portalv1.com.br\/api\/wp\/v2\/posts\/46","targetHints":{"allow":["GET"]}}],"collection":[{"href":"https:\/\/portalv1.com.br\/api\/wp\/v2\/posts"}],"about":[{"href":"https:\/\/portalv1.com.br\/api\/wp\/v2\/types\/post"}],"author":[{"embeddable":true,"href":"https:\/\/portalv1.com.br\/api\/wp\/v2\/users\/2"}],"replies":[{"embeddable":true,"href":"https:\/\/portalv1.com.br\/api\/wp\/v2\/comments?post=46"}],"version-history":[{"count":0,"href":"https:\/\/portalv1.com.br\/api\/wp\/v2\/posts\/46\/revisions"}],"wp:attachment":[{"href":"https:\/\/portalv1.com.br\/api\/wp\/v2\/media?parent=46"}],"wp:term":[{"taxonomy":"category","embeddable":true,"href":"https:\/\/portalv1.com.br\/api\/wp\/v2\/categories?post=46"},{"taxonomy":"post_tag","embeddable":true,"href":"https:\/\/portalv1.com.br\/api\/wp\/v2\/tags?post=46"}],"curies":[{"name":"wp","href":"https:\/\/api.w.org\/{rel}","templated":true}]}}