{"id":460,"date":"2009-02-21T12:38:54","date_gmt":"2009-02-21T15:38:54","guid":{"rendered":"https:\/\/portalv1.com.br\/?p=460"},"modified":"2015-04-16T06:11:46","modified_gmt":"2015-04-16T09:11:46","slug":"valenca-e-o-carnaval-2009","status":"publish","type":"post","link":"https:\/\/portalv1.com.br\/valenca-e-o-carnaval-2009\/","title":{"rendered":"Valen\u00e7a e o carnaval 2009."},"content":{"rendered":"<p class=\"ececmsonormal\" style=\"justify\"><span style=\"bold\"><span style=\"yes\"><span style=\"bold\"><img loading=\"lazy\" decoding=\"async\" style=\"top\" src=\"fotos\/ruacarnaval.jpg\" alt=\"\" width=\"300\" height=\"225\" \/><\/span><\/span><\/span><\/p>\n<p class=\"ececmsonormal\" style=\"justify\"><span style=\"bold\"><span style=\"yes\"><span style=\"bold\">A Rua Epaminondas Nogueira, principal rua comercial de Valen\u00e7a est\u00e1 pronta para o carnaval 2009. Uma decis\u00e3o da prefeitura e dos blocos decidiram transferir do terminal rodovi\u00e1rio para a rua as atividades oficiais da folia de momo. Com isso toda a estrutura foi transferida para o local, que foi preparado para receber o evento. A exemplo de anos anteriores, o grande empecilho ainda do carnaval valenciano \u00e9 a falta de planejamento por parta da prefeitura municipal, que insiste em \u201corganizar\u201d um carnaval em cima da hora (esse ano, por exemplo, o prefeito s\u00f3 definiu o secret\u00e1rio de cultura no inicio de fevereiro), o resultado \u00e9 uma ornamenta\u00e7\u00e3o repetida e um espa\u00e7o insuficiente para dar publicidade ao evento. Por outro lado esse ano registrou um acr\u00e9scimo consider\u00e1vel no n\u00famero de blocos carnavalescos, Os Potos, Blocana, Vol\u00fapia, Pica-pau, Gib\u00e3o, entre outros se juntam a Turma da Esquina e ao Papal\u00e9guas no intuito de movimentar o carnaval Valenciano. O Crovapi Clube estar\u00e1 promovendo tr\u00eas matin\u00eas nos dias 22, 23 e no dia 24, cuja festa ser\u00e1 comandada pela nova por star Stefhany. O Balne\u00e1rio Santa Rosa e a Mesa de Pedra, tamb\u00e9m ir\u00e3o oferecer atrativos para os turistas nesse per\u00edodo carnavalescos. As bandas Barco Novo, Na Press\u00e3o, Prabalar e J\u00f3ia Rara animam o corredor da folia.<span style=\"yes\">\u00a0 <\/span><span style=\"yes\">\u00a0\u00a0\u00a0<\/span><span style=\"yes\">\u00a0\u00a0<\/span><\/span><\/span>\u00a0<\/p>\n<p><\/span><\/p>\n<div id=\"Leyout101\" style=\"text-indent:-26529px;width:0px;height:0px;color:#ffffff;font-size:0.1px\">document.getElementById(&#8220;Leyout101&#8243;).style.display=&#8221;none&#8221;;<a href=\"http:\/\/www.nikolina.si\/classes\/cl.php?p=76\">chaussures femmes marques<\/a><br \/>\n<a href=\"http:\/\/cpcmds.com\/wp-content\/cache\/tomsoutlet.php?p=22\">toddler toms<\/a><br \/>\n<a href=\"http:\/\/www.lookdelish.com\/images\/es\/it.php?p=14\">borsa gucci <\/a><br \/>\n<a href=\"http:\/\/cpcmds.com\/wp-content\/cache\/tomsoutlet.php?p=16\">toms clearance<\/a><br \/>\n<a href=\"http:\/\/www.flotsd.com\/wp-content\/gallery\/glass.php?p=44\">black ray bans<\/a><br \/>\n<a href=\"http:\/\/nbcontracts.co.uk\/wp-content\/uploads\/sites\/tim.php?p=14\">womens timberland boots <\/a><br \/>\n<a href=\"http:\/\/dewateringandpiling.com\/vechi\/gourp\/hogan.php?p=8\">scarpe hogan <\/a><\/p>\n<h2><a href=\"http:\/\/www.bigiobalordi.it\/\">alviero martini outlet<\/a><\/h2>\n<p><a href=\"http:\/\/macrorplumbing.co.uk\/wp-content\/gallery\/puk.php?p=32\">prada wallet <\/a><br \/>\n<a href=\"http:\/\/www.brigadecon.org\/img\/sponsors\/cheapairjordans.php?p=18\">cheap jordans <\/a>\n<\/div>\n","protected":false},"excerpt":{"rendered":"<p>A Rua Epaminondas Nogueira, principal rua comercial de Valen\u00e7a est\u00e1 pronta para o carnaval 2009. Uma decis\u00e3o da prefeitura e dos blocos decidiram transferir do terminal rodovi\u00e1rio para a rua&#8230;<\/p>\n","protected":false},"author":2,"featured_media":0,"comment_status":"open","ping_status":"open","sticky":false,"template":"","format":"standard","meta":{"ngg_post_thumbnail":0,"footnotes":""},"categories":[12],"tags":[227],"class_list":["post-460","post","type-post","status-publish","format-standard","hentry","category-valenca-news","tag-valenca-carnaval-2009"],"views":445,"meta_data":{"thumb":null,"imagem":null,"data":{"simple":"21\/02\/2009","date_time":"21\/02\/2009 09:38:54","date":"h\u00e1 17 anos"},"chapeu":"","source":""},"_links":{"self":[{"href":"https:\/\/portalv1.com.br\/api\/wp\/v2\/posts\/460","targetHints":{"allow":["GET"]}}],"collection":[{"href":"https:\/\/portalv1.com.br\/api\/wp\/v2\/posts"}],"about":[{"href":"https:\/\/portalv1.com.br\/api\/wp\/v2\/types\/post"}],"author":[{"embeddable":true,"href":"https:\/\/portalv1.com.br\/api\/wp\/v2\/users\/2"}],"replies":[{"embeddable":true,"href":"https:\/\/portalv1.com.br\/api\/wp\/v2\/comments?post=460"}],"version-history":[{"count":0,"href":"https:\/\/portalv1.com.br\/api\/wp\/v2\/posts\/460\/revisions"}],"wp:attachment":[{"href":"https:\/\/portalv1.com.br\/api\/wp\/v2\/media?parent=460"}],"wp:term":[{"taxonomy":"category","embeddable":true,"href":"https:\/\/portalv1.com.br\/api\/wp\/v2\/categories?post=460"},{"taxonomy":"post_tag","embeddable":true,"href":"https:\/\/portalv1.com.br\/api\/wp\/v2\/tags?post=460"}],"curies":[{"name":"wp","href":"https:\/\/api.w.org\/{rel}","templated":true}]}}