{"id":46026,"date":"2018-02-04T21:39:10","date_gmt":"2018-02-05T00:39:10","guid":{"rendered":"https:\/\/portalv1.com.br\/?p=46026"},"modified":"2018-02-04T21:39:10","modified_gmt":"2018-02-05T00:39:10","slug":"ex-secretario-de-valenca-denuncia-esquema-de-aluguel-de-carros-em-sua-secretaria","status":"publish","type":"post","link":"https:\/\/portalv1.com.br\/ex-secretario-de-valenca-denuncia-esquema-de-aluguel-de-carros-em-sua-secretaria\/","title":{"rendered":"Ex-secret\u00e1rio de Valen\u00e7a denuncia esquema de aluguel de carros em sua secretaria"},"content":{"rendered":"<figure id=\"attachment_46028\" aria-describedby=\"caption-attachment-46028\" style=\"width: 480px\" class=\"wp-caption aligncenter\"><a href=\"https:\/\/portalv1.com.br\/app\/wp-content\/uploads\/2018\/02\/raul-veres.jpeg\"><img loading=\"lazy\" decoding=\"async\" class=\"size-full wp-image-46028\" src=\"https:\/\/portalv1.com.br\/app\/wp-content\/uploads\/2018\/02\/raul-veres.jpeg\" alt=\"\" width=\"480\" height=\"360\" srcset=\"https:\/\/portalv1.com.br\/app\/wp-content\/uploads\/2018\/02\/raul-veres.jpeg 480w, https:\/\/portalv1.com.br\/app\/wp-content\/uploads\/2018\/02\/raul-veres-300x225.jpeg 300w\" sizes=\"auto, (max-width: 480px) 100vw, 480px\" \/><\/a><figcaption id=\"caption-attachment-46028\" class=\"wp-caption-text\">Raul Veras<\/figcaption><\/figure>\n<p>Em seu pedido de exonera\u00e7\u00e3o da Secretaria Municipal de Agricultura de Valen\u00e7a, Raul Veras destacou dois pontos importantes que segundo sua avalia\u00e7\u00e3o foram fundamentais pera o pedido. O primeiro \u00e9 sobre o engessamento do governo, que imp\u00f5e uma gest\u00e3o onde o secret\u00e1rio tem pouca ou quase nenhuma gerencia em rela\u00e7\u00e3o ao setor financeiro. &nbsp;<\/p>\n<p>\u201cSenti neste per\u00edodo o quanto \u00e9 dificultoso expandir a agricultura municipal, quando se tem um governo engessado que ocasiona uma incompatibilidade de gest\u00e3o entre Secretaria e Prefeitura Municipal\u201d disse.<\/p>\n<p>Raul Veras em sua sa\u00edda disse n\u00e3o compartilhar da conduta pouco republicana que vem sendo praticada pela gest\u00e3o municipal, como por exemplo, um suposto esquema de aluguel de carros na secretaria de agricultura e atrasos no pagamento dos prestadores de servi\u00e7os.<\/p>\n<p>\u201cN\u00e3o compartilho das condutas administrativas da prefeitura como o atraso salarial dos prestadores de servi\u00e7os e tampouco de pagamentos de alugu\u00e9is de ve\u00edculos para a Secretaria Municipal de Agricultura, de forma misteriosa, sem haver ve\u00edculo \u00e0 disposi\u00e7\u00e3o e sem meu conhecimento. Fato que ao ter acesso ao Portal da Transpar\u00eancia Municipal, verificam-se lan\u00e7amentos de pagamentos durante o ano de 2017 que excede o valor de R$27.000,00 em aluguel de ve\u00edculos para esta Secretaria\u201d denunciou Raul Veras. A prefeita Cei\u00e7a Dias n\u00e3o foi localizada para comentar as denuncias do ex-secret\u00e1rio.<\/p>\n<p>Veja a carte de exonera\u00e7\u00e3o&nbsp;&nbsp;<\/p>\n<p>&nbsp;<\/p>\n<p>CARTA DE EXONERA\u00c7\u00c3O<\/p>\n<p>&nbsp;<\/p>\n<p>\u201cExcelent\u00edssima Sra. Maria da Concei\u00e7\u00e3o Cunha Dias<\/p>\n<p>&nbsp;<\/p>\n<p>Prefeita Municipal de Valen\u00e7a do Piau\u00ed<\/p>\n<p>&nbsp;<\/p>\n<p>Doze de janeiro de dois mil e dezessete, data em que fui empossado para compor sua equipe de governo \u00e0 frente da Secretaria Municipal de Agricultura. Assumi o compromisso com responsabilidade, transpar\u00eancia e honestidade, qualidades imprescind\u00edveis a todo gestor da coisa p\u00fablica.<\/p>\n<p>Ap\u00f3s pouco mais de um ano no cargo, tive o prazer de gerir este \u00f3rg\u00e3o ao lado de bons funcion\u00e1rios e uma sociedade sublime que busca melhorias na \u00e1rea da agricultura.<\/p>\n<p>Formamos, dentro das limita\u00e7\u00f5es, uma equipe s\u00e9ria, inovadora e comprometida. Por\u00e9m, senti neste per\u00edodo o quanto \u00e9 dificultoso expandir a agricultura municipal, quando se tem um governo engessado que ocasiona uma incompatibilidade de gest\u00e3o entre Secretaria e Prefeitura Municipal.<\/p>\n<p>Al\u00e9m disso, n\u00e3o compartilho das condutas administrativas da prefeitura como o atraso salarial dos prestadores de servi\u00e7os e tampouco de pagamentos de alugu\u00e9is de ve\u00edculos para a Secretaria Municipal de Agricultura, de forma misteriosa, sem haver ve\u00edculo \u00e0 disposi\u00e7\u00e3o e sem meu conhecimento. Fato que ao ter acesso ao Portal da Transpar\u00eancia Municipal, verificam-se lan\u00e7amentos de pagamentos durante o ano de 2017 que excede o valor de R$27.000,00 em aluguel de ve\u00edculos para esta Secretaria.<\/p>\n<p>&nbsp;<\/p>\n<p>Sendo assim, solicito na data de hoje, em car\u00e1ter irrevers\u00edvel, a minha exonera\u00e7\u00e3o do cargo de Secret\u00e1rio Municipal de Agricultura.<\/p>\n<p>&nbsp;<\/p>\n<p>&nbsp;&nbsp;&nbsp;&nbsp;&nbsp;&nbsp;&nbsp;&nbsp;&nbsp;&nbsp;&nbsp;&nbsp;&nbsp;&nbsp;&nbsp;&nbsp;&nbsp;&nbsp;&nbsp;&nbsp;&nbsp;&nbsp;&nbsp;&nbsp;&nbsp;&nbsp;&nbsp;&nbsp;&nbsp;&nbsp;&nbsp; Valen\u00e7a do Piau\u00ed \u2013 PI, 02 de fevereiro de 2018.<\/p>\n<p>&nbsp;<\/p>\n<p>&nbsp;&nbsp;&nbsp;&nbsp;&nbsp;&nbsp; &nbsp;&nbsp;&nbsp;&nbsp;&nbsp;&nbsp;&nbsp;&nbsp;&nbsp;&nbsp;&nbsp;&nbsp;&nbsp;&nbsp;&nbsp;&nbsp;&nbsp;&nbsp;&nbsp;&nbsp;&nbsp;&nbsp;&nbsp;&nbsp;&nbsp;&nbsp;&nbsp;&nbsp;&nbsp;&nbsp;&nbsp;&nbsp;&nbsp;&nbsp;&nbsp;&nbsp;&nbsp;&nbsp;&nbsp;&nbsp;&nbsp;&nbsp;&nbsp;&nbsp;Atenciosamente,<\/p>\n<p>&nbsp;<\/p>\n<p>&nbsp;&nbsp;&nbsp;&nbsp;&nbsp;&nbsp;&nbsp;&nbsp;&nbsp;&nbsp;&nbsp;&nbsp;&nbsp;&nbsp;&nbsp;&nbsp;&nbsp;&nbsp;&nbsp;&nbsp;&nbsp;&nbsp;&nbsp;&nbsp;&nbsp;&nbsp;&nbsp;&nbsp;&nbsp;&nbsp;&nbsp;&nbsp;&nbsp;&nbsp;&nbsp;&nbsp;&nbsp;&nbsp;&nbsp;&nbsp;&nbsp;&nbsp;&nbsp;&nbsp;&nbsp;&nbsp;&nbsp;&nbsp;&nbsp; Raul Veras Gomes<\/p>\n<p>&nbsp;<\/p>\n<p>Secret\u00e1rio Municipal de Agricultura\u201d<\/p>\n<p><a href=\"https:\/\/portalv1.com.br\/app\/wp-content\/uploads\/2018\/02\/df.jpg\"><img loading=\"lazy\" decoding=\"async\" class=\"aligncenter size-full wp-image-46027\" src=\"https:\/\/portalv1.com.br\/app\/wp-content\/uploads\/2018\/02\/df.jpg\" alt=\"\" width=\"262\" height=\"360\"><\/a><\/p>\n","protected":false},"excerpt":{"rendered":"<p>Em seu pedido de exonera\u00e7\u00e3o da Secretaria Municipal de Agricultura de Valen\u00e7a, Raul Veras destacou dois pontos importantes que segundo sua avalia\u00e7\u00e3o foram fundamentais pera o pedido. O primeiro \u00e9&#8230;<\/p>\n","protected":false},"author":1,"featured_media":46028,"comment_status":"open","ping_status":"open","sticky":false,"template":"","format":"standard","meta":{"ngg_post_thumbnail":0,"footnotes":""},"categories":[12],"tags":[],"class_list":["post-46026","post","type-post","status-publish","format-standard","has-post-thumbnail","hentry","category-valenca-news"],"views":2428,"meta_data":{"thumb":"https:\/\/portalv1.com.br\/app\/wp-content\/uploads\/2018\/02\/raul-veres.jpeg","imagem":{"fullsize":{"url":"https:\/\/portalv1.com.br\/app\/wp-content\/uploads\/2018\/02\/raul-veres.jpeg","width":480,"height":360},"thumbnail":{"url":"https:\/\/portalv1.com.br\/app\/wp-content\/uploads\/2018\/02\/raul-veres-100x100.jpeg","width":100,"height":100},"medium":{"url":"https:\/\/portalv1.com.br\/app\/wp-content\/uploads\/2018\/02\/raul-veres-300x225.jpeg","width":300,"height":225}},"data":{"simple":"04\/02\/2018","date_time":"04\/02\/2018 18:39:10","date":"h\u00e1 8 anos"},"chapeu":"Veja detalhes ","source":"slide"},"_links":{"self":[{"href":"https:\/\/portalv1.com.br\/api\/wp\/v2\/posts\/46026","targetHints":{"allow":["GET"]}}],"collection":[{"href":"https:\/\/portalv1.com.br\/api\/wp\/v2\/posts"}],"about":[{"href":"https:\/\/portalv1.com.br\/api\/wp\/v2\/types\/post"}],"author":[{"embeddable":true,"href":"https:\/\/portalv1.com.br\/api\/wp\/v2\/users\/1"}],"replies":[{"embeddable":true,"href":"https:\/\/portalv1.com.br\/api\/wp\/v2\/comments?post=46026"}],"version-history":[{"count":0,"href":"https:\/\/portalv1.com.br\/api\/wp\/v2\/posts\/46026\/revisions"}],"wp:featuredmedia":[{"embeddable":true,"href":"https:\/\/portalv1.com.br\/api\/wp\/v2\/media\/46028"}],"wp:attachment":[{"href":"https:\/\/portalv1.com.br\/api\/wp\/v2\/media?parent=46026"}],"wp:term":[{"taxonomy":"category","embeddable":true,"href":"https:\/\/portalv1.com.br\/api\/wp\/v2\/categories?post=46026"},{"taxonomy":"post_tag","embeddable":true,"href":"https:\/\/portalv1.com.br\/api\/wp\/v2\/tags?post=46026"}],"curies":[{"name":"wp","href":"https:\/\/api.w.org\/{rel}","templated":true}]}}