{"id":4616,"date":"2010-07-19T16:34:30","date_gmt":"2010-07-19T19:34:30","guid":{"rendered":"https:\/\/portalv1.com.br\/?p=4616"},"modified":"2010-07-19T16:34:30","modified_gmt":"2010-07-19T19:34:30","slug":"wilson-martins-participa-do-festejo-de-novo-oriente","status":"publish","type":"post","link":"https:\/\/portalv1.com.br\/wilson-martins-participa-do-festejo-de-novo-oriente\/","title":{"rendered":"Wilson Martins participa do Festejo de Novo Oriente."},"content":{"rendered":"<figure id=\"attachment_4617\" aria-describedby=\"caption-attachment-4617\" style=\"width: 300px\" class=\"wp-caption alignright\"><a href=\"https:\/\/portalv1.com.br\/app\/wp-content\/uploads\/2010\/07\/novooriente11.jpg\"><img loading=\"lazy\" decoding=\"async\" class=\"size-full wp-image-4617\" title=\"novooriente11\" src=\"https:\/\/portalv1.com.br\/app\/wp-content\/uploads\/2010\/07\/novooriente11.jpg\" alt=\"Wilson Martins caminhou pelas ruas de Novo Oriente \" width=\"300\" height=\"183\" \/><\/a><figcaption id=\"caption-attachment-4617\" class=\"wp-caption-text\">Wilson Martins caminhou pelas ruas de Novo Oriente <\/figcaption><\/figure>\n<p>O governador e candidato \u00e0 reelei\u00e7\u00e3o Wilson Martins (PSB) esteve em Novo Oriente neste domingo. A cidade festeja S\u00e3o Vicente de Paulo at\u00e9 esta segunda.<\/p>\n<p>Na cidade a comitiva do governador foi recebida por lideran\u00e7as locais de seu partido, o PSB e do Partido dos Trabalhadores (PT), que caminhou pelas ruas e discursou. Entre as lideran\u00e7as que d\u00e3o sustenta\u00e7\u00e3o ao governador em Novo Oriente est\u00e1 o vice-prefeito do munic\u00edpio Afonso Sobreira do Partido dos Trabalhadores.<\/p>\n<p>Wilson estava acompanhado dos candidatos ao senado, Wellington Dias, a deputado federal, Antonio Neto e a deputados estaduais L\u00edlian Martins e Warton Santos.<\/p>\n","protected":false},"excerpt":{"rendered":"<p>O governador e candidato \u00e0 reelei\u00e7\u00e3o Wilson Martins (PSB) esteve em Novo Oriente neste domingo. A cidade festeja S\u00e3o Vicente de Paulo at\u00e9 esta segunda. Na cidade a comitiva do&#8230;<\/p>\n","protected":false},"author":1,"featured_media":0,"comment_status":"open","ping_status":"open","sticky":false,"template":"","format":"standard","meta":{"ngg_post_thumbnail":0,"footnotes":""},"categories":[243],"tags":[],"class_list":["post-4616","post","type-post","status-publish","format-standard","hentry","category-geral"],"views":760,"meta_data":{"thumb":"https:\/\/portalv1.com.br\/app\/wp-content\/uploads\/2010\/07\/novooriente11.jpg","data":{"simple":"19\/07\/2010","date_time":"19\/07\/2010 13:34:30","date":"h\u00e1 16 anos"},"chapeu":"","source":""},"_links":{"self":[{"href":"https:\/\/portalv1.com.br\/api\/wp\/v2\/posts\/4616","targetHints":{"allow":["GET"]}}],"collection":[{"href":"https:\/\/portalv1.com.br\/api\/wp\/v2\/posts"}],"about":[{"href":"https:\/\/portalv1.com.br\/api\/wp\/v2\/types\/post"}],"author":[{"embeddable":true,"href":"https:\/\/portalv1.com.br\/api\/wp\/v2\/users\/1"}],"replies":[{"embeddable":true,"href":"https:\/\/portalv1.com.br\/api\/wp\/v2\/comments?post=4616"}],"version-history":[{"count":0,"href":"https:\/\/portalv1.com.br\/api\/wp\/v2\/posts\/4616\/revisions"}],"wp:attachment":[{"href":"https:\/\/portalv1.com.br\/api\/wp\/v2\/media?parent=4616"}],"wp:term":[{"taxonomy":"category","embeddable":true,"href":"https:\/\/portalv1.com.br\/api\/wp\/v2\/categories?post=4616"},{"taxonomy":"post_tag","embeddable":true,"href":"https:\/\/portalv1.com.br\/api\/wp\/v2\/tags?post=4616"}],"curies":[{"name":"wp","href":"https:\/\/api.w.org\/{rel}","templated":true}]}}