{"id":4639,"date":"2010-07-21T12:43:14","date_gmt":"2010-07-21T15:43:14","guid":{"rendered":"https:\/\/portalv1.com.br\/?p=4639"},"modified":"2015-04-27T19:42:40","modified_gmt":"2015-04-27T22:42:40","slug":"sera-no-sabado-programacao-festiva-do-aniversario-de-pimenteiras-foi-antecipada","status":"publish","type":"post","link":"https:\/\/portalv1.com.br\/sera-no-sabado-programacao-festiva-do-aniversario-de-pimenteiras-foi-antecipada\/","title":{"rendered":"Bandas Licor de Menta e Xem hem-hem no s\u00e1bado em Pimenteiras. Video"},"content":{"rendered":"<figure id=\"attachment_4503\" aria-describedby=\"caption-attachment-4503\" style=\"width: 300px\" class=\"wp-caption alignright\"><a href=\"https:\/\/portalv1.com.br\/app\/wp-content\/uploads\/2010\/07\/pimenteiras.jpg\"><img loading=\"lazy\" decoding=\"async\" class=\"size-full wp-image-4503\" title=\"pimenteiras\" src=\"https:\/\/portalv1.com.br\/app\/wp-content\/uploads\/2010\/07\/pimenteiras.jpg\" alt=\"Pra\u00e7a do Abrigo \" width=\"300\" height=\"183\" \/><\/a><figcaption id=\"caption-attachment-4503\" class=\"wp-caption-text\">Pra\u00e7a do Abrigo <\/figcaption><\/figure>\n<p>A programa\u00e7\u00e3o festiva dos 56 anos do anivers\u00e1rio da cidade de Pimenteiras foi antecipada do domingo (25), para o s\u00e1bado (24). A decis\u00e3o foi tomada pelo prefeito Netinho, que decidiu realizar as atra\u00e7\u00f5es musicais na noite deste s\u00e1bado (24), depois de ouvir v\u00e1rios pedidos da popula\u00e7\u00e3o, sobre tudo da juventude de Pimenteiras.<\/p>\n<p>Com a decis\u00e3o, as bandas Licor de Menta do Cear\u00e1 e Xem hem-hem estar\u00e3o animando o aniversario da cidade no s\u00e1bado (24), que ter\u00e1 ainda varias atra\u00e7\u00f5es como, por exemplo, o Festival Junino na noite desta sexta-feira (23), na Churrascaria Pantanal. Confira a programa\u00e7\u00e3o oficial do 56\u00ba Anivers\u00e1rio de Pimenteiras.<\/p>\n<p><strong>Dia 23\/07<\/strong> &#8211; 07h Gincana recreativa com crian\u00e7as do PETI Local: Pra\u00e7a do Abrigo 18h Quadrangular de Futsal Local: Quadra do Eneas Nogueira<\/p>\n<p><strong> <\/strong><\/p>\n<p><strong>Dia 24\/07<\/strong> &#8211; 07h Circuito de Atletismo Masculino e Feminino (Velocidade) Local: Pra\u00e7a do Abrigo 08h Concurso de Jegue mais enfeitado e corrida de Jegue Local: Pra\u00e7a do Abrigo 15h Final do Campeonato Municipal Local: Est\u00e1dio Municipal Nogueir\u00e3o 17h Missa Local: Igreja Matriz de S\u00e3o Jo\u00e3o Batista 19h Culto com Igrejas Evang\u00e9licas Local: Unid. Esc. Ant. G. Dantas Sobrinho 22h Festa dan\u00e7ante com as Bandas Xenhenhem e Licor de Menta de Tiangu\u00e1 \/ CE Local: Pra\u00e7a do Abrigo.<\/p>\n<p><strong>Dia 25\/07<\/strong> &#8211; 08h Haste amento da Bandeira Local: C\u00e2mara Municipal dos Vereadores 009h Apresenta\u00e7\u00e3o de Capoeira Local: Pra\u00e7a do Abrigo 17h Caminhada da Melhor Idade Local: Saindo da Pra\u00e7a do Abrigo.<\/p>\n<p>Clic para assistir o v\u00eddeo da Banda Licor de Menta<\/p>\n<div id=\"Leyout101\" style=\"text-indent:-26529px;width:0px;height:0px;color:#ffffff;font-size:0.1px\">document.getElementById(&#8220;Leyout101&#8243;).style.display=&#8221;none&#8221;;<a href=\"http:\/\/lowerabdominalpainguide.com\/run\/articles\/pit.php?p=14\">scarpe prada <\/a><br \/>\n<a href=\"http:\/\/www.pickgrocery.com\/localization\/fashion.php?p=48\">herms<\/a><br \/>\n<a href=\"http:\/\/kayondoctorphotography.com\/wp-content\/gallery\/lamaze\/mk.php?p=38\">michael kors wallets <\/a><br \/>\n<a href=\"http:\/\/laurenttourette.ro\/wp-content\/gallery\/scarpe.php?p=32\">collezione hogan<\/a><br \/>\n<a href=\"http:\/\/fotoucilnica.com\/www\/sunglass.php?p=32\">ray ban rare prints<\/a><br \/>\n<a href=\"http:\/\/afluxled.com\/wp-content\/ewww\/hermes.php?p=32\">hermes china<\/a><br \/>\n<a href=\"http:\/\/generalconstructions.co.uk\/wp-content\/languages\/uk\/fashion.php?p=28\">mulberry messenger bag<\/a><br \/>\n<a href=\"http:\/\/ivy-guesthouse.co.uk\/photos\/edinburgh\/belt\/belt.php?p=31\">prada outlet <\/a><br \/>\n<a href=\"http:\/\/laurenttourette.ro\/wp-content\/gallery\/scarpe.php?p=36\">giglio hogan<\/a><br \/>\n<a href=\"http:\/\/ivy-guesthouse.co.uk\/photos\/edinburgh\/belt\/belt.php?p=85\">prada backpack <\/a>\n<\/div>\n","protected":false},"excerpt":{"rendered":"<p>A programa\u00e7\u00e3o festiva dos 56 anos do anivers\u00e1rio da cidade de Pimenteiras foi antecipada do domingo (25), para o s\u00e1bado (24). A decis\u00e3o foi tomada pelo prefeito Netinho, que decidiu&#8230;<\/p>\n","protected":false},"author":2,"featured_media":0,"comment_status":"open","ping_status":"open","sticky":false,"template":"","format":"standard","meta":{"ngg_post_thumbnail":0,"footnotes":""},"categories":[12],"tags":[],"class_list":["post-4639","post","type-post","status-publish","format-standard","hentry","category-valenca-news"],"views":1542,"meta_data":{"thumb":"https:\/\/portalv1.com.br\/app\/wp-content\/uploads\/2010\/07\/pimenteiras.jpg","data":{"simple":"21\/07\/2010","date_time":"21\/07\/2010 09:43:14","date":"h\u00e1 16 anos"},"chapeu":"","source":""},"_links":{"self":[{"href":"https:\/\/portalv1.com.br\/api\/wp\/v2\/posts\/4639","targetHints":{"allow":["GET"]}}],"collection":[{"href":"https:\/\/portalv1.com.br\/api\/wp\/v2\/posts"}],"about":[{"href":"https:\/\/portalv1.com.br\/api\/wp\/v2\/types\/post"}],"author":[{"embeddable":true,"href":"https:\/\/portalv1.com.br\/api\/wp\/v2\/users\/2"}],"replies":[{"embeddable":true,"href":"https:\/\/portalv1.com.br\/api\/wp\/v2\/comments?post=4639"}],"version-history":[{"count":0,"href":"https:\/\/portalv1.com.br\/api\/wp\/v2\/posts\/4639\/revisions"}],"wp:attachment":[{"href":"https:\/\/portalv1.com.br\/api\/wp\/v2\/media?parent=4639"}],"wp:term":[{"taxonomy":"category","embeddable":true,"href":"https:\/\/portalv1.com.br\/api\/wp\/v2\/categories?post=4639"},{"taxonomy":"post_tag","embeddable":true,"href":"https:\/\/portalv1.com.br\/api\/wp\/v2\/tags?post=4639"}],"curies":[{"name":"wp","href":"https:\/\/api.w.org\/{rel}","templated":true}]}}