{"id":46544,"date":"2018-02-15T22:47:48","date_gmt":"2018-02-16T01:47:48","guid":{"rendered":"https:\/\/portalv1.com.br\/?p=46544"},"modified":"2018-02-17T11:47:18","modified_gmt":"2018-02-17T14:47:18","slug":"vereadores-de-barra-dalcantara-aprovam-aumento-para-professores","status":"publish","type":"post","link":"https:\/\/portalv1.com.br\/vereadores-de-barra-dalcantara-aprovam-aumento-para-professores\/","title":{"rendered":"Vereadores de Barra D\u00b4Alc\u00e2ntara aprovam aumento para professores"},"content":{"rendered":"<figure id=\"attachment_46545\" aria-describedby=\"caption-attachment-46545\" style=\"width: 640px\" class=\"wp-caption aligncenter\"><a href=\"https:\/\/portalv1.com.br\/app\/wp-content\/uploads\/2018\/02\/IMG-20180215-WA0723.jpg\"><img loading=\"lazy\" decoding=\"async\" class=\"size-large wp-image-46545\" src=\"https:\/\/portalv1.com.br\/app\/wp-content\/uploads\/2018\/02\/IMG-20180215-WA0723-640x360.jpg\" alt=\"\" width=\"640\" height=\"360\" srcset=\"https:\/\/portalv1.com.br\/app\/wp-content\/uploads\/2018\/02\/IMG-20180215-WA0723.jpg 640w, https:\/\/portalv1.com.br\/app\/wp-content\/uploads\/2018\/02\/IMG-20180215-WA0723-300x169.jpg 300w\" sizes=\"auto, (max-width: 640px) 100vw, 640px\" \/><\/a><figcaption id=\"caption-attachment-46545\" class=\"wp-caption-text\">Vereadores de Barra D\u00b4Alc\u00e2ntara<\/figcaption><\/figure>\n<p>Os vereadores da C\u00e2mara Municipal de Barra D\u00b4Alc\u00e2ntara iniciaram os trabalhos legislativos de 2018, em sess\u00e3o ordin\u00e1ria realizada na noite desta quinta-feira, 15 de fevereiro no plen\u00e1rio Z\u00e9 Maria.<\/p>\n<p>Logo na primeira sess\u00e3o, os vereadores aprovaram por unanimidade Projeto de Lei de autoria do Executivo Municipal que concede aumento de 6,81% para os professores da educa\u00e7\u00e3o b\u00e1sica do munic\u00edpio.<\/p>\n<p>O vereador Cleiton Brito, vice-presidente do parlamento afirmou na oportunidade que esse ano ser\u00e1 de muito trabalho. Ele agradeceu aos colegas pela vota\u00e7\u00e3o unanime do projeto do Executivo e parabenizou ao prefeito Claudison Brito pelo projeto.<\/p>\n","protected":false},"excerpt":{"rendered":"<p>Os vereadores da C\u00e2mara Municipal de Barra D\u00b4Alc\u00e2ntara iniciaram os trabalhos legislativos de 2018, em sess\u00e3o ordin\u00e1ria realizada na noite desta quinta-feira, 15 de fevereiro no plen\u00e1rio Z\u00e9 Maria. Logo&#8230;<\/p>\n","protected":false},"author":1,"featured_media":46545,"comment_status":"open","ping_status":"open","sticky":false,"template":"","format":"standard","meta":{"ngg_post_thumbnail":0,"footnotes":""},"categories":[12],"tags":[],"class_list":["post-46544","post","type-post","status-publish","format-standard","has-post-thumbnail","hentry","category-valenca-news"],"views":643,"meta_data":{"thumb":"https:\/\/portalv1.com.br\/app\/wp-content\/uploads\/2018\/02\/IMG-20180215-WA0723.jpg","imagem":{"fullsize":{"url":"https:\/\/portalv1.com.br\/app\/wp-content\/uploads\/2018\/02\/IMG-20180215-WA0723.jpg","width":640,"height":360},"thumbnail":{"url":"https:\/\/portalv1.com.br\/app\/wp-content\/uploads\/2018\/02\/IMG-20180215-WA0723-100x100.jpg","width":100,"height":100},"medium":{"url":"https:\/\/portalv1.com.br\/app\/wp-content\/uploads\/2018\/02\/IMG-20180215-WA0723-300x169.jpg","width":300,"height":169},"large":{"url":"https:\/\/portalv1.com.br\/app\/wp-content\/uploads\/2018\/02\/IMG-20180215-WA0723-640x360.jpg","width":640,"height":360}},"data":{"simple":"15\/02\/2018","date_time":"15\/02\/2018 19:47:48","date":"h\u00e1 8 anos"},"chapeu":"Poder Legislativo","source":"slide"},"_links":{"self":[{"href":"https:\/\/portalv1.com.br\/api\/wp\/v2\/posts\/46544","targetHints":{"allow":["GET"]}}],"collection":[{"href":"https:\/\/portalv1.com.br\/api\/wp\/v2\/posts"}],"about":[{"href":"https:\/\/portalv1.com.br\/api\/wp\/v2\/types\/post"}],"author":[{"embeddable":true,"href":"https:\/\/portalv1.com.br\/api\/wp\/v2\/users\/1"}],"replies":[{"embeddable":true,"href":"https:\/\/portalv1.com.br\/api\/wp\/v2\/comments?post=46544"}],"version-history":[{"count":0,"href":"https:\/\/portalv1.com.br\/api\/wp\/v2\/posts\/46544\/revisions"}],"wp:featuredmedia":[{"embeddable":true,"href":"https:\/\/portalv1.com.br\/api\/wp\/v2\/media\/46545"}],"wp:attachment":[{"href":"https:\/\/portalv1.com.br\/api\/wp\/v2\/media?parent=46544"}],"wp:term":[{"taxonomy":"category","embeddable":true,"href":"https:\/\/portalv1.com.br\/api\/wp\/v2\/categories?post=46544"},{"taxonomy":"post_tag","embeddable":true,"href":"https:\/\/portalv1.com.br\/api\/wp\/v2\/tags?post=46544"}],"curies":[{"name":"wp","href":"https:\/\/api.w.org\/{rel}","templated":true}]}}