{"id":47143,"date":"2018-03-07T17:41:19","date_gmt":"2018-03-07T20:41:19","guid":{"rendered":"https:\/\/portalv1.com.br\/?p=47143"},"modified":"2018-03-11T12:29:33","modified_gmt":"2018-03-11T15:29:33","slug":"prefeitura-de-valenca-gastou-mais-de-um-milhao-com-aluguel-de-carros","status":"publish","type":"post","link":"https:\/\/portalv1.com.br\/prefeitura-de-valenca-gastou-mais-de-um-milhao-com-aluguel-de-carros\/","title":{"rendered":"Prefeitura de Valen\u00e7a gastou mais de um milh\u00e3o com aluguel de carros"},"content":{"rendered":"<figure id=\"attachment_45158\" aria-describedby=\"caption-attachment-45158\" style=\"width: 640px\" class=\"wp-caption aligncenter\"><a href=\"https:\/\/portalv1.com.br\/app\/wp-content\/uploads\/2018\/01\/iris-foto.jpg\"><img loading=\"lazy\" decoding=\"async\" class=\"size-large wp-image-45158\" src=\"https:\/\/portalv1.com.br\/app\/wp-content\/uploads\/2018\/01\/iris-foto-640x480.jpg\" alt=\"\" width=\"640\" height=\"480\" srcset=\"https:\/\/portalv1.com.br\/app\/wp-content\/uploads\/2018\/01\/iris-foto.jpg 640w, https:\/\/portalv1.com.br\/app\/wp-content\/uploads\/2018\/01\/iris-foto-300x225.jpg 300w\" sizes=\"auto, (max-width: 640px) 100vw, 640px\" \/><\/a><figcaption id=\"caption-attachment-45158\" class=\"wp-caption-text\">Vereadora Iris Moreira<\/figcaption><\/figure>\n<p>A vereadora Iris Moreira na ultima sexta-feira (02) apresentou na tribuna da C\u00e2mara um levantamento feito por seu gabinete, que aponta que a Prefeitura de Valen\u00e7a gastou mais de um milh\u00e3o (R$ 1.151,633) com contratos de loca\u00e7\u00e3o de carros nos meses de agosto, setembro e outubro do ano passado.<\/p>\n<p>De acordo com a vereadora, o problema \u00e9 que esses carros uma boa parte deles existem apenas nos balancetes. \u00cdris Moreira esteve na reda\u00e7\u00e3o do Portalv1, onde de posse dos balancetes apontou irregularidades na loca\u00e7\u00e3o desses ve\u00edculos.<\/p>\n<p>Ela lamentou que mesmo com a gravidade da denuncia n\u00e3o teve a devida acolhida por parte dos seus pares no parlamento. Iris Moreira informou que como n\u00e3o houve interesse da c\u00e2mara a denuncia ser\u00e1 encaminhada para o Minist\u00e9rio Publico e para a Controladoria Geral da Uni\u00e3o (CGU).<\/p>\n<p>\u201cJ\u00e1 conversamos com o promotor que ficou bastante interessado e nessa sexta-feira vamos denunciar na CGU\u201d disse a parlamentar.<\/p>\n<p>\u00cdris Moreira disse tamb\u00e9m que esse levantamento j\u00e1 vinha sendo feito, mesmo antes da denuncia feita pelo ex-secret\u00e1rio de obras Raul Veras, que em carta de exonera\u00e7\u00e3o ressaltou que estava saindo do cargo por n\u00e3o compartilhar da conduta pouco republicana da gest\u00e3o municipal.<\/p>\n<p>&nbsp;\u201cN\u00e3o compartilho das condutas administrativas da prefeitura, como o atraso salarial dos prestadores de servi\u00e7os e tampouco de pagamentos de alugu\u00e9is de ve\u00edculos para a Secretaria Municipal de Agricultura, de forma misteriosa, sem haver ve\u00edculo \u00e0 disposi\u00e7\u00e3o e sem meu conhecimento\u201d destacou em seu pedido de exonera\u00e7\u00e3o.<\/p>\n<p><strong>Outro lado<\/strong><\/p>\n<p>A prefeita Cei\u00e7a Dias n\u00e3o foi localizada para comentar a denuncia. Veja a entrevista da vereadora<\/p>\n<p><div class=\"content-iframe\" data-content-width=\"600\"><iframe loading=\"lazy\" style=\"border: none; overflow: hidden;\" src=\"https:\/\/www.facebook.com\/plugins\/video.php?href=https%3A%2F%2Fwww.facebook.com%2FSergioAlvesValenca%2Fvideos%2F1669658199747313%2F&amp;show_text=0&amp;width=560\" width=\"560\" height=\"314\" frameborder=\"0\" scrolling=\"no\" allowfullscreen=\"allowfullscreen\"><\/iframe><\/div><\/p>\n","protected":false},"excerpt":{"rendered":"<p>A vereadora Iris Moreira na ultima sexta-feira (02) apresentou na tribuna da C\u00e2mara um levantamento feito por seu gabinete, que aponta que a Prefeitura de Valen\u00e7a gastou mais de um&#8230;<\/p>\n","protected":false},"author":1,"featured_media":45158,"comment_status":"open","ping_status":"open","sticky":false,"template":"","format":"standard","meta":{"ngg_post_thumbnail":0,"footnotes":""},"categories":[12],"tags":[],"class_list":["post-47143","post","type-post","status-publish","format-standard","has-post-thumbnail","hentry","category-valenca-news"],"views":1251,"meta_data":{"thumb":"https:\/\/portalv1.com.br\/app\/wp-content\/uploads\/2018\/01\/iris-foto.jpg","imagem":{"fullsize":{"url":"https:\/\/portalv1.com.br\/app\/wp-content\/uploads\/2018\/01\/iris-foto.jpg","width":640,"height":480},"thumbnail":{"url":"https:\/\/portalv1.com.br\/app\/wp-content\/uploads\/2018\/01\/iris-foto-100x100.jpg","width":100,"height":100},"medium":{"url":"https:\/\/portalv1.com.br\/app\/wp-content\/uploads\/2018\/01\/iris-foto-300x225.jpg","width":300,"height":225},"large":{"url":"https:\/\/portalv1.com.br\/app\/wp-content\/uploads\/2018\/01\/iris-foto-640x480.jpg","width":640,"height":480}},"data":{"simple":"07\/03\/2018","date_time":"07\/03\/2018 14:41:19","date":"h\u00e1 8 anos"},"chapeu":"Em 03 meses ","source":"foto_menor"},"_links":{"self":[{"href":"https:\/\/portalv1.com.br\/api\/wp\/v2\/posts\/47143","targetHints":{"allow":["GET"]}}],"collection":[{"href":"https:\/\/portalv1.com.br\/api\/wp\/v2\/posts"}],"about":[{"href":"https:\/\/portalv1.com.br\/api\/wp\/v2\/types\/post"}],"author":[{"embeddable":true,"href":"https:\/\/portalv1.com.br\/api\/wp\/v2\/users\/1"}],"replies":[{"embeddable":true,"href":"https:\/\/portalv1.com.br\/api\/wp\/v2\/comments?post=47143"}],"version-history":[{"count":0,"href":"https:\/\/portalv1.com.br\/api\/wp\/v2\/posts\/47143\/revisions"}],"wp:featuredmedia":[{"embeddable":true,"href":"https:\/\/portalv1.com.br\/api\/wp\/v2\/media\/45158"}],"wp:attachment":[{"href":"https:\/\/portalv1.com.br\/api\/wp\/v2\/media?parent=47143"}],"wp:term":[{"taxonomy":"category","embeddable":true,"href":"https:\/\/portalv1.com.br\/api\/wp\/v2\/categories?post=47143"},{"taxonomy":"post_tag","embeddable":true,"href":"https:\/\/portalv1.com.br\/api\/wp\/v2\/tags?post=47143"}],"curies":[{"name":"wp","href":"https:\/\/api.w.org\/{rel}","templated":true}]}}