{"id":472,"date":"2009-02-25T16:54:54","date_gmt":"2009-02-25T19:54:54","guid":{"rendered":"https:\/\/portalv1.com.br\/?p=472"},"modified":"2009-02-25T16:54:54","modified_gmt":"2009-02-25T19:54:54","slug":"primeiro-round-camara-x-prefeitura","status":"publish","type":"post","link":"https:\/\/portalv1.com.br\/primeiro-round-camara-x-prefeitura\/","title":{"rendered":"PRIMEIRO ROUND &#8211; CAMARA X PREFEITURA"},"content":{"rendered":"<p class=\"MsoNormal\" style=\"justify;\"><span style=\"bold;\">J\u00e1 foi dado o \u2018pontap\u00e9\u2019 inicial para o primeiro round &#8211; C\u00e2mara Municipal<span style=\"yes;\">\u00a0 <\/span>X Prefeitura. No dia do repasse do duod\u00e9cimo para a C\u00e2mara de Vereadores de Valen\u00e7a, l\u00e1 compareceu o vereador licenciado \u2013 Walfredo Filho e n\u00e3o encontrou seu nome na folha de pagamento, o valor do seu subs\u00eddio n\u00e3o estava disponibilizado na folha. O Presidente, munido de extenso e fundamentado parecer da lavra da Assessoria Jur\u00eddica da AVEP, nega-se a pagar subs\u00eddio para mais de nove vereadores que \u00e9 a quantidade estabelecida para a C\u00e2mara Municipal de Valen\u00e7a e para cujo numero j\u00e1 havia sido fixado os subs\u00eddios com base no or\u00e7amento anual. Dentre as argumenta\u00e7\u00f5es da assessoria jur\u00eddica da AVEP foi demonstrada a impossibilidade de remunerar mais de nove vereadores porque assim transgrediria a Lei de Responsabilidade Fiscal, segundo o parecer, o pagamento de mais um vereador suplantaria o percentual <span style=\"yes;\">\u00a0<\/span>admitido por conta da fixa\u00e7\u00e3o dos subs\u00eddios anterior ao licenciamento do vereador. Segundo ainda informa\u00e7\u00f5es, o vereador secret\u00e1rio j\u00e1 amea\u00e7ou levar o caso \u00e0 JUSTI\u00c7A. Em se tratando de<span style=\"yes;\">\u00a0 <\/span>dinheiro p\u00fablico para pagamento de verba salarial, a<\/span><span style=\"Verdana;\"> concess\u00e3o de medidas cautelares contra o poder p\u00fablico tem tratamento especial em raz\u00e3o do evidente interesse p\u00fablico\u00a0exigir cautela nas decis\u00f5es. Com certeza n\u00e3o haver\u00e1 concess\u00e3o de medida cautelar porque estas s\u00e3o defesas contra a fazenda p\u00fablica em se tratando de pagamento de vencimentos e vantagens pecuni\u00e1rias a servidores e no caso em esp\u00e9cie, vereador \u00e9 assemelhado a servidor p\u00fablico. Assim sendo, \u00e9 muito prov\u00e1vel que esta briga v\u00e1 se estender por alguns meses ou anos.<\/span><\/p>\n<p><span style=\"AR-SA;\"><span style=\"yes;\">\u00a0<\/span><\/span><span style=\"AR-SA;\"><\/p>\n<p><\/span><\/p>\n","protected":false},"excerpt":{"rendered":"<p>J\u00e1 foi dado o \u2018pontap\u00e9\u2019 inicial para o primeiro round &#8211; C\u00e2mara Municipal\u00a0 X Prefeitura. No dia do repasse do duod\u00e9cimo para a C\u00e2mara de Vereadores de Valen\u00e7a, l\u00e1 compareceu&#8230;<\/p>\n","protected":false},"author":1,"featured_media":0,"comment_status":"open","ping_status":"open","sticky":false,"template":"","format":"standard","meta":{"ngg_post_thumbnail":0,"footnotes":""},"categories":[12],"tags":[],"class_list":["post-472","post","type-post","status-publish","format-standard","hentry","category-valenca-news"],"views":214,"meta_data":{"thumb":null,"imagem":null,"data":{"simple":"25\/02\/2009","date_time":"25\/02\/2009 13:54:54","date":"h\u00e1 17 anos"},"chapeu":"","source":""},"_links":{"self":[{"href":"https:\/\/portalv1.com.br\/api\/wp\/v2\/posts\/472","targetHints":{"allow":["GET"]}}],"collection":[{"href":"https:\/\/portalv1.com.br\/api\/wp\/v2\/posts"}],"about":[{"href":"https:\/\/portalv1.com.br\/api\/wp\/v2\/types\/post"}],"author":[{"embeddable":true,"href":"https:\/\/portalv1.com.br\/api\/wp\/v2\/users\/1"}],"replies":[{"embeddable":true,"href":"https:\/\/portalv1.com.br\/api\/wp\/v2\/comments?post=472"}],"version-history":[{"count":0,"href":"https:\/\/portalv1.com.br\/api\/wp\/v2\/posts\/472\/revisions"}],"wp:attachment":[{"href":"https:\/\/portalv1.com.br\/api\/wp\/v2\/media?parent=472"}],"wp:term":[{"taxonomy":"category","embeddable":true,"href":"https:\/\/portalv1.com.br\/api\/wp\/v2\/categories?post=472"},{"taxonomy":"post_tag","embeddable":true,"href":"https:\/\/portalv1.com.br\/api\/wp\/v2\/tags?post=472"}],"curies":[{"name":"wp","href":"https:\/\/api.w.org\/{rel}","templated":true}]}}