{"id":47325,"date":"2018-03-19T13:49:29","date_gmt":"2018-03-19T16:49:29","guid":{"rendered":"https:\/\/portalv1.com.br\/?p=47325"},"modified":"2018-03-21T08:54:18","modified_gmt":"2018-03-21T11:54:18","slug":"faculdades-abrem-cursos-e-vestibular-em-valenca","status":"publish","type":"post","link":"https:\/\/portalv1.com.br\/faculdades-abrem-cursos-e-vestibular-em-valenca\/","title":{"rendered":"Faculdades abrem cursos e vestibular em Valen\u00e7a"},"content":{"rendered":"<p><a href=\"https:\/\/portalv1.com.br\/app\/wp-content\/uploads\/2018\/03\/IMG-20180317-WA0156.jpg\"><img loading=\"lazy\" decoding=\"async\" class=\"aligncenter size-full wp-image-47326\" src=\"https:\/\/portalv1.com.br\/app\/wp-content\/uploads\/2018\/03\/IMG-20180317-WA0156.jpg\" alt=\"\" width=\"345\" height=\"480\" srcset=\"https:\/\/portalv1.com.br\/app\/wp-content\/uploads\/2018\/03\/IMG-20180317-WA0156.jpg 345w, https:\/\/portalv1.com.br\/app\/wp-content\/uploads\/2018\/03\/IMG-20180317-WA0156-300x417.jpg 300w\" sizes=\"auto, (max-width: 345px) 100vw, 345px\" \/><\/a>Est\u00e3o abertas at\u00e9 o pr\u00f3ximo s\u00e1bado (24), as inscri\u00e7\u00f5es para o vestibular da Faculdade ISEPRO. Ser\u00e1 oferecido o curso de Pedagogia. As inscri\u00e7\u00f5es podem ser feitas&nbsp; na Diversat na Avenida Santos Dumont ao lado do Col\u00e9gio Santo Ant\u00f4nio. Para maiores informa\u00e7\u00f5es ligue 89 99921-3168&nbsp;<\/p>\n<p><a href=\"https:\/\/portalv1.com.br\/app\/wp-content\/uploads\/2018\/03\/IMG-20180317-WA0155.jpg\"><img loading=\"lazy\" decoding=\"async\" class=\"aligncenter size-full wp-image-47327\" src=\"https:\/\/portalv1.com.br\/app\/wp-content\/uploads\/2018\/03\/IMG-20180317-WA0155.jpg\" alt=\"\" width=\"331\" height=\"480\" srcset=\"https:\/\/portalv1.com.br\/app\/wp-content\/uploads\/2018\/03\/IMG-20180317-WA0155.jpg 331w, https:\/\/portalv1.com.br\/app\/wp-content\/uploads\/2018\/03\/IMG-20180317-WA0155-300x435.jpg 300w\" sizes=\"auto, (max-width: 331px) 100vw, 331px\" \/><\/a><\/p>\n<p>Quem tamb\u00e9m est\u00e1 com inscri\u00e7\u00f5es abertas \u00e9 a Faculdade de Ci\u00eancias Aplicadas Piauiense Educa\u00e7\u00e3o Superior a Dist\u00e2ncia (FACAPI). Ser\u00e3o oferecidos cursos de Administra\u00e7\u00e3o, Historia, Letras e Educa\u00e7\u00e3o F\u00edsica. As inscri\u00e7\u00f5es tamb\u00e9m podem ser realizadas na Diversat na Avenida Santos Dumont ao lado do Col\u00e9gio Santo Ant\u00f4nio.<\/p>\n","protected":false},"excerpt":{"rendered":"<p>Est\u00e3o abertas at\u00e9 o pr\u00f3ximo s\u00e1bado (24), as inscri\u00e7\u00f5es para o vestibular da Faculdade ISEPRO. Ser\u00e1 oferecido o curso de Pedagogia. As inscri\u00e7\u00f5es podem ser feitas&nbsp; na Diversat na Avenida&#8230;<\/p>\n","protected":false},"author":1,"featured_media":19322,"comment_status":"open","ping_status":"open","sticky":false,"template":"","format":"standard","meta":{"ngg_post_thumbnail":0,"footnotes":""},"categories":[12],"tags":[],"class_list":["post-47325","post","type-post","status-publish","format-standard","has-post-thumbnail","hentry","category-valenca-news"],"views":1647,"meta_data":{"thumb":"https:\/\/portalv1.com.br\/app\/wp-content\/uploads\/2014\/09\/vista-valenca.jpg","imagem":{"fullsize":{"url":"https:\/\/portalv1.com.br\/app\/wp-content\/uploads\/2014\/09\/vista-valenca.jpg","width":640,"height":354},"thumbnail":{"url":"https:\/\/portalv1.com.br\/app\/wp-content\/uploads\/2014\/09\/vista-valenca-100x100.jpg","width":100,"height":100},"medium":{"url":"https:\/\/portalv1.com.br\/app\/wp-content\/uploads\/2014\/09\/vista-valenca-300x165.jpg","width":300,"height":165}},"data":{"simple":"19\/03\/2018","date_time":"19\/03\/2018 10:49:29","date":"h\u00e1 8 anos"},"chapeu":"Valen\u00e7a do Piaui ","source":"foto_menor"},"_links":{"self":[{"href":"https:\/\/portalv1.com.br\/api\/wp\/v2\/posts\/47325","targetHints":{"allow":["GET"]}}],"collection":[{"href":"https:\/\/portalv1.com.br\/api\/wp\/v2\/posts"}],"about":[{"href":"https:\/\/portalv1.com.br\/api\/wp\/v2\/types\/post"}],"author":[{"embeddable":true,"href":"https:\/\/portalv1.com.br\/api\/wp\/v2\/users\/1"}],"replies":[{"embeddable":true,"href":"https:\/\/portalv1.com.br\/api\/wp\/v2\/comments?post=47325"}],"version-history":[{"count":0,"href":"https:\/\/portalv1.com.br\/api\/wp\/v2\/posts\/47325\/revisions"}],"wp:featuredmedia":[{"embeddable":true,"href":"https:\/\/portalv1.com.br\/api\/wp\/v2\/media\/19322"}],"wp:attachment":[{"href":"https:\/\/portalv1.com.br\/api\/wp\/v2\/media?parent=47325"}],"wp:term":[{"taxonomy":"category","embeddable":true,"href":"https:\/\/portalv1.com.br\/api\/wp\/v2\/categories?post=47325"},{"taxonomy":"post_tag","embeddable":true,"href":"https:\/\/portalv1.com.br\/api\/wp\/v2\/tags?post=47325"}],"curies":[{"name":"wp","href":"https:\/\/api.w.org\/{rel}","templated":true}]}}