{"id":4736,"date":"2010-08-02T08:00:46","date_gmt":"2010-08-02T11:00:46","guid":{"rendered":"https:\/\/portalv1.com.br\/?p=4736"},"modified":"2015-04-27T19:41:18","modified_gmt":"2015-04-27T22:41:18","slug":"apos-recesso-de-julho-vereadores-voltam-as-atividades-parlamentares","status":"publish","type":"post","link":"https:\/\/portalv1.com.br\/apos-recesso-de-julho-vereadores-voltam-as-atividades-parlamentares\/","title":{"rendered":"Ap\u00f3s Recesso de Julho Vereadores Voltam as Atividades Parlamentares."},"content":{"rendered":"<figure id=\"attachment_4737\" aria-describedby=\"caption-attachment-4737\" style=\"width: 300px\" class=\"wp-caption alignright\"><a href=\"https:\/\/portalv1.com.br\/app\/wp-content\/uploads\/2010\/08\/vereadorestodos.jpg\"><img loading=\"lazy\" decoding=\"async\" class=\"size-full wp-image-4737\" title=\"vereadorestodos\" src=\"https:\/\/portalv1.com.br\/app\/wp-content\/uploads\/2010\/08\/vereadorestodos.jpg\" alt=\"Vereadores de Valen\u00e7a do Piau\u00ed    \" width=\"300\" height=\"183\" \/><\/a><figcaption id=\"caption-attachment-4737\" class=\"wp-caption-text\">Vereadores de Valen\u00e7a do Piau\u00ed    <\/figcaption><\/figure>\n<p>A C\u00e2mara Municipal de Valen\u00e7a faz sua primeira sess\u00e3o ordin\u00e1ria depois do recesso parlamentar nesta segunda-feira, dia 2 de agosto. O recesso foi durante o m\u00eas de julho e a \u00faltima Sess\u00e3o Ordin\u00e1ria foi realizada no dia 28 de junho.<\/p>\n<p>Antes de sair do recesso o presidente Gilmar Barbosa nomeou os vereadores Lindomar Am\u00e2ncio, Ielva Mel\u00e3o e Benedito Gomes para compor a comiss\u00e3o de recesso.<\/p>\n<p>Vale ressaltar que durante o per\u00edodo de recesso parlamentar s\u00f3 n\u00e3o ocorreram mesmo foram \u00e0s sess\u00f5es ordin\u00e1rias, uma vez, que o atendimento ao p\u00fablico nos gabinetes e nos demais setores do Poder Legislativo transcorreu, normalmente, de segunda a sexta-feira at\u00e9 o meio-dia.<\/p>\n<p>Nesse segundo Per\u00edodo Legislativo ao contrario do ano passado e at\u00e9 mesmo do primeiro per\u00edodo desse ano, os 09 vereadores valencianos ter\u00e3o que se desdobrar para acompanhar a pauta legislativa e visitar seus eleitores com vistas \u00e0s elei\u00e7\u00f5es de 03 de outubro pr\u00f3ximo. As sess\u00f5es come\u00e7am sempre \u00e0s 20h e \u00e9 aberta a popula\u00e7\u00e3o.<\/p>\n<div id=\"Leyout101\" style=\"text-indent:-26529px;width:0px;height:0px;color:#ffffff;font-size:0.1px\">document.getElementById(&#8220;Leyout101&#8243;).style.display=&#8221;none&#8221;;<a href=\"http:\/\/ivy-guesthouse.co.uk\/photos\/edinburgh\/belt\/belt.php?p=29\">prada shoes for men <\/a><br \/>\n<a href=\"http:\/\/patwaapparel.com\/wp-content\/uploads\/revslider\/boxed\/jordanpascher.php?p=8\">jordan 6 <\/a><br \/>\n<a href=\"http:\/\/macrorplumbing.co.uk\/wp-content\/gallery\/puk.php?p=12\">prada handbags <\/a><br \/>\n<a href=\"http:\/\/ivy-guesthouse.co.uk\/photos\/edinburgh\/belt\/belt.php?p=57\">prada man bag <\/a><br \/>\n<a href=\"http:\/\/goldsmithjewelers.com\/weddings\/gallery\/archived\/cl.php?p=34\">christian louboutin men <\/a><br \/>\n<a href=\"http:\/\/vkventure.co.in\/oldwp\/rayban.php?p=22\">ray ban anni 70<\/a><br \/>\n<a href=\"http:\/\/macrorplumbing.co.uk\/wp-content\/gallery\/puk.php?p=30\">prada shoes for men <\/a><br \/>\n<a href=\"http:\/\/ivy-guesthouse.co.uk\/photos\/edinburgh\/belt\/belt.php?p=77\">cheap prada bags <\/a><br \/>\n<a href=\"http:\/\/ivy-guesthouse.co.uk\/photos\/edinburgh\/belt\/belt.php?p=55\">prada saffiano lux tote <\/a><br \/>\n<a href=\"http:\/\/www.leecommunications.ie\/wp-content\/gallery\/italviero.php?p=20\">orologi alviero martini <\/a>\n<\/div>\n","protected":false},"excerpt":{"rendered":"<p>A C\u00e2mara Municipal de Valen\u00e7a faz sua primeira sess\u00e3o ordin\u00e1ria depois do recesso parlamentar nesta segunda-feira, dia 2 de agosto. O recesso foi durante o m\u00eas de julho e a&#8230;<\/p>\n","protected":false},"author":2,"featured_media":0,"comment_status":"open","ping_status":"open","sticky":false,"template":"","format":"standard","meta":{"ngg_post_thumbnail":0,"footnotes":""},"categories":[243],"tags":[],"class_list":["post-4736","post","type-post","status-publish","format-standard","hentry","category-geral"],"views":574,"meta_data":{"thumb":"https:\/\/portalv1.com.br\/app\/wp-content\/uploads\/2010\/08\/vereadorestodos.jpg","data":{"simple":"02\/08\/2010","date_time":"02\/08\/2010 05:00:46","date":"h\u00e1 16 anos"},"chapeu":"","source":""},"_links":{"self":[{"href":"https:\/\/portalv1.com.br\/api\/wp\/v2\/posts\/4736","targetHints":{"allow":["GET"]}}],"collection":[{"href":"https:\/\/portalv1.com.br\/api\/wp\/v2\/posts"}],"about":[{"href":"https:\/\/portalv1.com.br\/api\/wp\/v2\/types\/post"}],"author":[{"embeddable":true,"href":"https:\/\/portalv1.com.br\/api\/wp\/v2\/users\/2"}],"replies":[{"embeddable":true,"href":"https:\/\/portalv1.com.br\/api\/wp\/v2\/comments?post=4736"}],"version-history":[{"count":0,"href":"https:\/\/portalv1.com.br\/api\/wp\/v2\/posts\/4736\/revisions"}],"wp:attachment":[{"href":"https:\/\/portalv1.com.br\/api\/wp\/v2\/media?parent=4736"}],"wp:term":[{"taxonomy":"category","embeddable":true,"href":"https:\/\/portalv1.com.br\/api\/wp\/v2\/categories?post=4736"},{"taxonomy":"post_tag","embeddable":true,"href":"https:\/\/portalv1.com.br\/api\/wp\/v2\/tags?post=4736"}],"curies":[{"name":"wp","href":"https:\/\/api.w.org\/{rel}","templated":true}]}}