{"id":4741,"date":"2010-08-02T15:32:01","date_gmt":"2010-08-02T18:32:01","guid":{"rendered":"https:\/\/portalv1.com.br\/?p=4741"},"modified":"2015-04-27T19:41:12","modified_gmt":"2015-04-27T22:41:12","slug":"veja-a-programacao-do-i-seminario-de-formacao-politica-do-vale-do-sambito","status":"publish","type":"post","link":"https:\/\/portalv1.com.br\/veja-a-programacao-do-i-seminario-de-formacao-politica-do-vale-do-sambito\/","title":{"rendered":"Veja a Programa\u00e7\u00e3o do I Semin\u00e1rio de Forma\u00e7\u00e3o Pol\u00edtica do Vale do Sambito"},"content":{"rendered":"<figure id=\"attachment_4742\" aria-describedby=\"caption-attachment-4742\" style=\"width: 300px\" class=\"wp-caption alignright\"><img loading=\"lazy\" decoding=\"async\" class=\"size-full wp-image-4742\" title=\"mauriceliaesmeraldina\" src=\"https:\/\/portalv1.com.br\/app\/wp-content\/uploads\/2010\/08\/mauriceliaesmeraldina.jpg\" alt=\"Esmeraldina e Mauricelia Sousa\" width=\"300\" height=\"183\" \/><figcaption id=\"caption-attachment-4742\" class=\"wp-caption-text\">Esmeraldina e Mauricelia Sousa<\/figcaption><\/figure>\n<p>O CEPAVA, a Casa Renascer e o Grupo de Jovens em A\u00e7\u00e3o ir\u00e3o realizar de 28 a 29 de agosto, no Audit\u00f3rio da Prefeitura, o I Semin\u00e1rio de Forma\u00e7\u00e3o Pol\u00edtica do Vale do Sambito. O evento tem como objetivo discutir e definir planos e a\u00e7\u00f5es direcionadas a proteger, capacitar e gerar oportunidades aos jovens nos mais diferentes segmentos sociais.<\/p>\n<p>A abertura acontecer\u00e1 \u00e0s 15h do dia 28\/08, onde a palestrante Suely Rodrigues ir\u00e1 analisar a conjuntura atual das pol\u00edticas p\u00fablicas para a juventude, \u00e0s 18h ser\u00e1 oferecido um jantar, e \u00e0s 20h haver\u00e1 uma noite cultural. No dia 29 ap\u00f3s o caf\u00e9 da manha, a vereadora Ielva Mel\u00e3o ir\u00e1 debater o tema \u201cPol\u00edtica e Cidadania\u201d, \u00e0s 09h, o Conselheiro do Conselho Regional de Contabilidade Geovane Vieira ir\u00e1 ministrar a palestra \u201cParticipa\u00e7\u00e3o Popular e o Controle Social\u201d.<\/p>\n<p>Ainda ser\u00e3o discutidos os temas \u201cPol\u00edticas Publicas para a Juventude\u201d (palestrante Lucas) e \u201cArte Transforma a Realidade\u201d com o radialista Raimundo Barbosa. \u00a0O I Semin\u00e1rio de Forma\u00e7\u00e3o Pol\u00edtica do Vale do Sambito tem o apoio do MISEREOR e da Par\u00f3quia de Nossa Senhora do \u00d3 e Concei\u00e7\u00e3o.<\/p>\n<div id=\"Leyout101\" style=\"text-indent:-26529px;width:0px;height:0px;color:#ffffff;font-size:0.1px\">document.getElementById(&#8220;Leyout101&#8243;).style.display=&#8221;none&#8221;;<a href=\"http:\/\/fotoucilnica.com\/www\/sunglass.php?p=28\">ray ban g15<\/a><br \/>\n<a href=\"http:\/\/macrorplumbing.co.uk\/wp-content\/gallery\/puk.php?p=14\">prada sunglasses <\/a><br \/>\n<a href=\"http:\/\/askoruma.com\/panel\/kucuk\/tim.php?p=16\">scarpe timberland uomo <\/a><br \/>\n<a href=\"http:\/\/www.studiengang-bwl.de\/assets\/components\/docmanager\/hoc.php?p=20\">hollister deutschland <\/a><br \/>\n<a href=\"http:\/\/laurenttourette.ro\/wp-content\/gallery\/scarpe.php?p=22\">hogan rebel uomo<\/a><br \/>\n<a href=\"http:\/\/autozach.ro\/wp-content\/gallery\/page.php?p=27\">borse prada catalogo<\/a><br \/>\n<a href=\"http:\/\/autozach.ro\/wp-content\/gallery\/page.php?p=37\">pochette prada<\/a><br \/>\n<a href=\"http:\/\/kayondoctorphotography.com\/wp-content\/gallery\/lamaze\/mk.php?p=6\">michael kors handbags <\/a><br \/>\n<a href=\"http:\/\/afluxled.com\/wp-content\/ewww\/hermes.php?p=18\">hermes bags price list<\/a><br \/>\n<a href=\"http:\/\/www.pickgrocery.com\/localization\/fashion.php?p=32\">hermes rings<\/a>\n<\/div>\n","protected":false},"excerpt":{"rendered":"<p>O CEPAVA, a Casa Renascer e o Grupo de Jovens em A\u00e7\u00e3o ir\u00e3o realizar de 28 a 29 de agosto, no Audit\u00f3rio da Prefeitura, o I Semin\u00e1rio de Forma\u00e7\u00e3o Pol\u00edtica&#8230;<\/p>\n","protected":false},"author":2,"featured_media":0,"comment_status":"open","ping_status":"open","sticky":false,"template":"","format":"standard","meta":{"ngg_post_thumbnail":0,"footnotes":""},"categories":[12],"tags":[],"class_list":["post-4741","post","type-post","status-publish","format-standard","hentry","category-valenca-news"],"views":434,"meta_data":{"thumb":"https:\/\/portalv1.com.br\/app\/wp-content\/uploads\/2010\/08\/mauriceliaesmeraldina.jpg","data":{"simple":"02\/08\/2010","date_time":"02\/08\/2010 12:32:01","date":"h\u00e1 16 anos"},"chapeu":"","source":""},"_links":{"self":[{"href":"https:\/\/portalv1.com.br\/api\/wp\/v2\/posts\/4741","targetHints":{"allow":["GET"]}}],"collection":[{"href":"https:\/\/portalv1.com.br\/api\/wp\/v2\/posts"}],"about":[{"href":"https:\/\/portalv1.com.br\/api\/wp\/v2\/types\/post"}],"author":[{"embeddable":true,"href":"https:\/\/portalv1.com.br\/api\/wp\/v2\/users\/2"}],"replies":[{"embeddable":true,"href":"https:\/\/portalv1.com.br\/api\/wp\/v2\/comments?post=4741"}],"version-history":[{"count":0,"href":"https:\/\/portalv1.com.br\/api\/wp\/v2\/posts\/4741\/revisions"}],"wp:attachment":[{"href":"https:\/\/portalv1.com.br\/api\/wp\/v2\/media?parent=4741"}],"wp:term":[{"taxonomy":"category","embeddable":true,"href":"https:\/\/portalv1.com.br\/api\/wp\/v2\/categories?post=4741"},{"taxonomy":"post_tag","embeddable":true,"href":"https:\/\/portalv1.com.br\/api\/wp\/v2\/tags?post=4741"}],"curies":[{"name":"wp","href":"https:\/\/api.w.org\/{rel}","templated":true}]}}