{"id":476,"date":"2009-02-25T20:02:17","date_gmt":"2009-02-25T23:02:17","guid":{"rendered":"https:\/\/portalv1.com.br\/?p=476"},"modified":"2009-02-25T20:02:17","modified_gmt":"2009-02-25T23:02:17","slug":"ministro-gilson-dipp-quer-ouvir-povao","status":"publish","type":"post","link":"https:\/\/portalv1.com.br\/ministro-gilson-dipp-quer-ouvir-povao\/","title":{"rendered":"Ministro Gilson Dipp quer ouvir pov\u00e3o."},"content":{"rendered":"<p><img loading=\"lazy\" decoding=\"async\" style=\"top;\" src=\"fotos\/IMG_2808.jpg\" alt=\"\" width=\"300\" height=\"225\" \/><\/p>\n<p class=\"NormalWeb13\" style=\"auto 0cm 13.6pt;\"><span style=\"Arial;\">O corregedor nacional de Justi\u00e7a, ministro Gilson Dipp, quer ouvir os cidad\u00e3os, institui\u00e7\u00f5es e entidades do Judici\u00e1rio do Estado do Piau\u00ed. O ministro conclamou a popula\u00e7\u00e3o a participar da audi\u00eancia p\u00fablica que ser\u00e1 realizada na pr\u00f3xima quinta-feira (26\/02) no Tribunal de Justi\u00e7a do Estado, na pra\u00e7a Edgar Nogueira, a partir das 9h30. O presidente do Conselho Nacional de Justi\u00e7a (CNJ) e do Supremo Tribunal Federal (STF), ministro Gilmar Mendes, far\u00e1 a abertura da audi\u00eancia. A Corregedoria vai ouvir den\u00fancias, sugest\u00f5es e reclama\u00e7\u00f5es sobre o Judici\u00e1rio no Piau\u00ed. Gilson Dipp afirma que as pessoas n\u00e3o devem ter medo de repres\u00e1lias. \u201cN\u00e3o \u00e9 preciso ter nenhum temor de que sua participa\u00e7\u00e3o na audi\u00eancia p\u00fablica possa trazer qualquer conseq\u00fc\u00eancia em termo de persegui\u00e7\u00e3o em temos de qualquer outra produ\u00e7\u00e3o de fatos indesej\u00e1veis. Tenham tranq\u00fcilidade e compare\u00e7am\u201d, tranq\u00fcilizou o ministro. A audi\u00eancia ter\u00e1 a participa\u00e7\u00e3o do conselheiro Jos\u00e9 Adonis Callou de Ara\u00fajo S\u00e1, do secret\u00e1rio-geral do CNJ, juiz Alvaro Ciarlini, de ju\u00edzes auxiliares e de servidores do Conselho.<\/span><\/p>\n","protected":false},"excerpt":{"rendered":"<p>O corregedor nacional de Justi\u00e7a, ministro Gilson Dipp, quer ouvir os cidad\u00e3os, institui\u00e7\u00f5es e entidades do Judici\u00e1rio do Estado do Piau\u00ed. O ministro conclamou a popula\u00e7\u00e3o a participar da audi\u00eancia&#8230;<\/p>\n","protected":false},"author":1,"featured_media":0,"comment_status":"open","ping_status":"open","sticky":false,"template":"","format":"standard","meta":{"ngg_post_thumbnail":0,"footnotes":""},"categories":[],"tags":[],"class_list":["post-476","post","type-post","status-publish","format-standard","hentry"],"views":217,"meta_data":{"thumb":null,"imagem":null,"data":{"simple":"25\/02\/2009","date_time":"25\/02\/2009 17:02:17","date":"h\u00e1 17 anos"},"chapeu":"","source":""},"_links":{"self":[{"href":"https:\/\/portalv1.com.br\/api\/wp\/v2\/posts\/476","targetHints":{"allow":["GET"]}}],"collection":[{"href":"https:\/\/portalv1.com.br\/api\/wp\/v2\/posts"}],"about":[{"href":"https:\/\/portalv1.com.br\/api\/wp\/v2\/types\/post"}],"author":[{"embeddable":true,"href":"https:\/\/portalv1.com.br\/api\/wp\/v2\/users\/1"}],"replies":[{"embeddable":true,"href":"https:\/\/portalv1.com.br\/api\/wp\/v2\/comments?post=476"}],"version-history":[{"count":0,"href":"https:\/\/portalv1.com.br\/api\/wp\/v2\/posts\/476\/revisions"}],"wp:attachment":[{"href":"https:\/\/portalv1.com.br\/api\/wp\/v2\/media?parent=476"}],"wp:term":[{"taxonomy":"category","embeddable":true,"href":"https:\/\/portalv1.com.br\/api\/wp\/v2\/categories?post=476"},{"taxonomy":"post_tag","embeddable":true,"href":"https:\/\/portalv1.com.br\/api\/wp\/v2\/tags?post=476"}],"curies":[{"name":"wp","href":"https:\/\/api.w.org\/{rel}","templated":true}]}}