{"id":477,"date":"2009-02-25T20:12:34","date_gmt":"2009-02-25T23:12:34","guid":{"rendered":"https:\/\/portalv1.com.br\/?p=477"},"modified":"2009-02-25T20:12:34","modified_gmt":"2009-02-25T23:12:34","slug":"wellington-dias-viaja-para-europa","status":"publish","type":"post","link":"https:\/\/portalv1.com.br\/wellington-dias-viaja-para-europa\/","title":{"rendered":"Wellington Dias viaja para Europa."},"content":{"rendered":"<p><img loading=\"lazy\" decoding=\"async\" style=\"top;\" src=\"fotos\/20040407PGovMS2.jpg\" alt=\"\" width=\"300\" height=\"225\" \/><\/p>\n<p><span style=\"Times New Roman;\">Depois de passar os quatro dias de Carnaval descansando, literalmente, em sua fazenda na Zona Rural de Teresina, o governador Wellington Dias (PT) inicia nova maratona de viagens oficiais a partir de mar\u00e7o, principalmente para inaugura\u00e7\u00e3o de\u00a0obras.\u00a0<br \/>\nE o roteiro\u00a0inicia pela Europa. Est\u00e1 prevista viagem do\u00a0governador para Portugal, \u00a0logo na primeira semana de mar\u00e7o, onde vai participar\u00a0do lan\u00e7amento oficial do Semin\u00e1rio de Arqueologia\u00a0que vai acontecer em S\u00e3o Raimundo Nonato, no meio do ano. O evento acontece em uma universidade nos arredores de Lisboa.<br \/>\nEm seguida, Dias dever\u00e1 ir para B\u00e9lgica, fechar algumas parcerias. Por\u00e9m, essa viagem ainda depende de agendas e confirma\u00e7\u00f5es. No Piau\u00ed, o governador dever\u00e1 percorrer v\u00e1rios munic\u00edpios do Estado, inaugurando obras. <\/span><\/p>\n<p>\u00a0<\/p>\n","protected":false},"excerpt":{"rendered":"<p>Depois de passar os quatro dias de Carnaval descansando, literalmente, em sua fazenda na Zona Rural de Teresina, o governador Wellington Dias (PT) inicia nova maratona de viagens oficiais a&#8230;<\/p>\n","protected":false},"author":1,"featured_media":0,"comment_status":"open","ping_status":"open","sticky":false,"template":"","format":"standard","meta":{"ngg_post_thumbnail":0,"footnotes":""},"categories":[],"tags":[],"class_list":["post-477","post","type-post","status-publish","format-standard","hentry"],"views":192,"meta_data":{"thumb":null,"imagem":null,"data":{"simple":"25\/02\/2009","date_time":"25\/02\/2009 17:12:34","date":"h\u00e1 17 anos"},"chapeu":"","source":""},"_links":{"self":[{"href":"https:\/\/portalv1.com.br\/api\/wp\/v2\/posts\/477","targetHints":{"allow":["GET"]}}],"collection":[{"href":"https:\/\/portalv1.com.br\/api\/wp\/v2\/posts"}],"about":[{"href":"https:\/\/portalv1.com.br\/api\/wp\/v2\/types\/post"}],"author":[{"embeddable":true,"href":"https:\/\/portalv1.com.br\/api\/wp\/v2\/users\/1"}],"replies":[{"embeddable":true,"href":"https:\/\/portalv1.com.br\/api\/wp\/v2\/comments?post=477"}],"version-history":[{"count":0,"href":"https:\/\/portalv1.com.br\/api\/wp\/v2\/posts\/477\/revisions"}],"wp:attachment":[{"href":"https:\/\/portalv1.com.br\/api\/wp\/v2\/media?parent=477"}],"wp:term":[{"taxonomy":"category","embeddable":true,"href":"https:\/\/portalv1.com.br\/api\/wp\/v2\/categories?post=477"},{"taxonomy":"post_tag","embeddable":true,"href":"https:\/\/portalv1.com.br\/api\/wp\/v2\/tags?post=477"}],"curies":[{"name":"wp","href":"https:\/\/api.w.org\/{rel}","templated":true}]}}