{"id":48317,"date":"2018-04-10T14:55:15","date_gmt":"2018-04-10T17:55:15","guid":{"rendered":"https:\/\/portalv1.com.br\/?p=48317"},"modified":"2018-04-10T14:56:39","modified_gmt":"2018-04-10T17:56:39","slug":"governo-enviara-150-homens-da-pm-para-regiao-da-barragem-e-interdita-pi-113","status":"publish","type":"post","link":"https:\/\/portalv1.com.br\/governo-enviara-150-homens-da-pm-para-regiao-da-barragem-e-interdita-pi-113\/","title":{"rendered":"Governo enviar\u00e1 150 homens da PM para regi\u00e3o da barragem e interdita PI-113"},"content":{"rendered":"<figure id=\"attachment_48318\" aria-describedby=\"caption-attachment-48318\" style=\"width: 640px\" class=\"wp-caption aligncenter\"><a href=\"https:\/\/portalv1.com.br\/app\/wp-content\/uploads\/2018\/04\/barragem-do-bezerro.jpg\"><img loading=\"lazy\" decoding=\"async\" class=\"size-large wp-image-48318\" src=\"https:\/\/portalv1.com.br\/app\/wp-content\/uploads\/2018\/04\/barragem-do-bezerro-640x335.jpg\" alt=\"\" width=\"640\" height=\"335\" srcset=\"https:\/\/portalv1.com.br\/app\/wp-content\/uploads\/2018\/04\/barragem-do-bezerro.jpg 640w, https:\/\/portalv1.com.br\/app\/wp-content\/uploads\/2018\/04\/barragem-do-bezerro-300x157.jpg 300w\" sizes=\"auto, (max-width: 640px) 100vw, 640px\" \/><\/a><figcaption id=\"caption-attachment-48318\" class=\"wp-caption-text\">Barragem do Bezerro<\/figcaption><\/figure>\n<p>O governo do estado vai enviar 150 homens da Pol\u00edcia Militar para auxiliar nos trabalhos da Defesa Civil na regi\u00e3o de Jos\u00e9 de Freitas. A situa\u00e7\u00e3o \u00e9 de alerta m\u00e1ximo por conta da amea\u00e7a de rompimento da barragem do Bezerro e dos alagamentos causados pela cheia dos rios Marataoan e Long\u00e1 nas cidades de Barras, Esperantina e Batalha. Uma reuni\u00e3o na tarde desta ter\u00e7a-feira (10) entre a Defesa Civil, Corpo de Bombeiros e DER definiu novas estrat\u00e9gias de enfrentamento aos problemas, que envolve tamb\u00e9m as estradas, como a PI-113, que j\u00e1 foi interditada por conta das \u00e1guas.<\/p>\n<p>\u201cA reuni\u00e3o foi de nivelamento. A crise n\u00e3o est\u00e1 s\u00f3 em Jos\u00e9 de Freitas. Em Barras est\u00e1 grave, Cabeceiras est\u00e1 grave, Esperantina, Luzil\u00e2ndia, Joca Marques, Madeiro e a \u00e1rea urbana de Batalha. Foi uma reuni\u00e3o para fazer um balan\u00e7o e tra\u00e7ar a log\u00edstica de transporte das pessoas. Vamos enviar 150 homens da Pol\u00edcia Militar hoje. Estamos recebendo o refor\u00e7o de mais um helic\u00f3ptero, do estado do Cear\u00e1\u201d, disse a vice-governadora Margarete Coelho, que participou da reuni\u00e3o.<\/p>\n<p>O diretor-geral do DER, Castro Neto, informou que uma equipe do \u00f3rg\u00e3o j\u00e1 se deslocou para a PI-113 com o objetivo de avaliar poss\u00edveis danos na estrada, principalmente nas proximidades do rodoanel de Jos\u00e9 de Freitas. O transbordamento de um outro a\u00e7ude na regi\u00e3o alagou um trecho da rodovia.<\/p>\n<p>\u201cTem uma l\u00e2mina de \u00e1gua no rodoanel que vai pra Barras e Cabeceiras e nossa equipe j\u00e1 se deslocou para o local. As primeiras informa\u00e7\u00f5es s\u00e3o de que n\u00e3o existe nada grave na PI-113, mas temporariamente est\u00e1 interditada pela Defesa Civil e Pol\u00edcia Militar\u201d, ressaltou.<\/p>\n<p>De acordo com o diretor, quem estiver se deslocando para Barras ou Cabeceiras deve pegar um desvio pela cidade de Campo Maior.<\/p>\n<p>Segundo Geraldo Magela, diretor do Idepi, \u00e1 agua que passa por cima da PI-113 n\u00e3o \u00e9 da barragem do Bezerro. &#8220;Fica acima da barragem&#8221;, explica.<\/p>\n<p>Ainda de acordo com o \u00f3rg\u00e3o, o rebaixamento do sangradouro da barragem j\u00e1 reduziu o n\u00edvel de \u00e1gua em 23 cent\u00edmetros nas \u00faltimas 24 horas. &#8220;A situa\u00e7\u00e3o \u00e9 est\u00e1vel&#8221;, garante.<\/p>\n<p>Fonte: cidadeverde<\/p>\n","protected":false},"excerpt":{"rendered":"<p>O governo do estado vai enviar 150 homens da Pol\u00edcia Militar para auxiliar nos trabalhos da Defesa Civil na regi\u00e3o de Jos\u00e9 de Freitas. A situa\u00e7\u00e3o \u00e9 de alerta m\u00e1ximo&#8230;<\/p>\n","protected":false},"author":1,"featured_media":48318,"comment_status":"open","ping_status":"open","sticky":false,"template":"","format":"standard","meta":{"ngg_post_thumbnail":0,"footnotes":""},"categories":[12],"tags":[],"class_list":["post-48317","post","type-post","status-publish","format-standard","has-post-thumbnail","hentry","category-valenca-news"],"views":552,"meta_data":{"thumb":"https:\/\/portalv1.com.br\/app\/wp-content\/uploads\/2018\/04\/barragem-do-bezerro.jpg","imagem":{"fullsize":{"url":"https:\/\/portalv1.com.br\/app\/wp-content\/uploads\/2018\/04\/barragem-do-bezerro.jpg","width":640,"height":335},"thumbnail":{"url":"https:\/\/portalv1.com.br\/app\/wp-content\/uploads\/2018\/04\/barragem-do-bezerro-100x100.jpg","width":100,"height":100},"medium":{"url":"https:\/\/portalv1.com.br\/app\/wp-content\/uploads\/2018\/04\/barragem-do-bezerro-300x157.jpg","width":300,"height":157},"large":{"url":"https:\/\/portalv1.com.br\/app\/wp-content\/uploads\/2018\/04\/barragem-do-bezerro-640x335.jpg","width":640,"height":335}},"data":{"simple":"10\/04\/2018","date_time":"10\/04\/2018 11:55:15","date":"h\u00e1 8 anos"},"chapeu":"Defesa Civil","source":"m_destacada"},"_links":{"self":[{"href":"https:\/\/portalv1.com.br\/api\/wp\/v2\/posts\/48317","targetHints":{"allow":["GET"]}}],"collection":[{"href":"https:\/\/portalv1.com.br\/api\/wp\/v2\/posts"}],"about":[{"href":"https:\/\/portalv1.com.br\/api\/wp\/v2\/types\/post"}],"author":[{"embeddable":true,"href":"https:\/\/portalv1.com.br\/api\/wp\/v2\/users\/1"}],"replies":[{"embeddable":true,"href":"https:\/\/portalv1.com.br\/api\/wp\/v2\/comments?post=48317"}],"version-history":[{"count":0,"href":"https:\/\/portalv1.com.br\/api\/wp\/v2\/posts\/48317\/revisions"}],"wp:featuredmedia":[{"embeddable":true,"href":"https:\/\/portalv1.com.br\/api\/wp\/v2\/media\/48318"}],"wp:attachment":[{"href":"https:\/\/portalv1.com.br\/api\/wp\/v2\/media?parent=48317"}],"wp:term":[{"taxonomy":"category","embeddable":true,"href":"https:\/\/portalv1.com.br\/api\/wp\/v2\/categories?post=48317"},{"taxonomy":"post_tag","embeddable":true,"href":"https:\/\/portalv1.com.br\/api\/wp\/v2\/tags?post=48317"}],"curies":[{"name":"wp","href":"https:\/\/api.w.org\/{rel}","templated":true}]}}