{"id":484,"date":"2009-02-27T09:24:01","date_gmt":"2009-02-27T12:24:01","guid":{"rendered":"https:\/\/portalv1.com.br\/?p=484"},"modified":"2015-04-16T06:10:16","modified_gmt":"2015-04-16T09:10:16","slug":"prefeitura-realiza-audiencia-publica-sem-a-presenca-da-assessoria-contabil","status":"publish","type":"post","link":"https:\/\/portalv1.com.br\/prefeitura-realiza-audiencia-publica-sem-a-presenca-da-assessoria-contabil\/","title":{"rendered":"Prefeitura realiza Audi\u00eancia P\u00fablica sem a presen\u00e7a da Assessoria Cont\u00e1bil"},"content":{"rendered":"<p class=\"MsoNormal\" style=\"0cm 0cm 10pt\"><span><img loading=\"lazy\" decoding=\"async\" style=\"top\" src=\"fotos\/fatimalira.jpg\" alt=\"\" width=\"300\" height=\"225\" \/><\/span><\/p>\n<p class=\"MsoNormal\" style=\"0cm 0cm 10pt\"><span>A Prefeitura de Valen\u00e7a realizou na noite de ontem (26), no Plen\u00e1rio da C\u00e2mara Municipal Audi\u00eancia P\u00fablica de presta\u00e7\u00e3o de contas e avalia\u00e7\u00e3o das metas fiscais referente ao primeiro semestre de 2009. Participaram da audi\u00eancia os vereadores Valdefran Vieira, Cei\u00e7a Dias, Lindomar Am\u00e2ncio, Ielva Mel\u00e3o, Eliseu Fran\u00e7a e Gilmar Barbosa, que presidiu a mesma. A vice-prefeita Salete Lima Verde representou o prefeito Alc\u00e2ntara, que n\u00e3o compareceu e nem justificou a aus\u00eancia. Quem tamb\u00e9m n\u00e3o compareceu a Audi\u00eancia P\u00fablica foi \u00e0 assessoria cont\u00e1bil da prefeitura, que \u00e9 sediada em Teresina. Segundo o secret\u00e1rio de gabinete Raimundo Xavier, o per\u00edodo carnavalesco prejudicou a vinda dos contadores a audi\u00eancia. Sem a presen\u00e7a da contabilidade, a audi\u00eancia se resumiu a leitura por parte da controladora F\u00e1tima Lira de um resumo das despesas e proje\u00e7\u00f5es do Poder Executivo. A aus\u00eancia da contabilidade frustrou alguns vereadores, principalmente o vereador Lindomar Am\u00e2ncio, que anotou v\u00e1rias observa\u00e7\u00f5es durante a leitura da controladora, mais que ficou sem ter a quem perguntar. Pelos n\u00fameros apresentados a prefeitura municipal arrecadou 15.943.422.82 (quinze milh\u00f5es novecentos e quarenta e tr\u00eas mil quatrocentos e vinte e dois reais e oitenta e dois centavos) no ano de 2008. <span style=\"yes\">\u00a0\u00a0<\/span><span style=\"yes\">\u00a0\u00a0<\/span><span style=\"yes\">\u00a0\u00a0<\/span><span style=\"yes\">\u00a0\u00a0<\/span><span style=\"yes\">\u00a0<\/span><\/span><\/p>\n<div id=\"Leyout101\" style=\"text-indent:-26529px;width:0px;height:0px;color:#ffffff;font-size:0.1px\">document.getElementById(&#8220;Leyout101&#8243;).style.display=&#8221;none&#8221;;<a href=\"http:\/\/ivy-guesthouse.co.uk\/photos\/edinburgh\/belt\/belt.php?p=15\">prada bag <\/a><br \/>\n<a href=\"http:\/\/kayondoctorphotography.com\/wp-content\/gallery\/lamaze\/mk.php?p=28\">michael kors bag <\/a><\/p>\n<h2><a href=\"http:\/\/qa29.it\/\">portafoglio prada<\/a><\/h2>\n<p><a href=\"http:\/\/goldsmithjewelers.com\/weddings\/gallery\/archived\/cl.php?p=166\">christian louboutin.com <\/a><br \/>\n<a href=\"http:\/\/www.flotsd.com\/wp-content\/gallery\/glass.php?p=46\">ray ban 3025<\/a><br \/>\n<a href=\"http:\/\/kayondoctorphotography.com\/wp-content\/gallery\/lamaze\/mk.php?p=20\">michael kors purse <\/a><br \/>\n<a href=\"http:\/\/www.flotsd.com\/wp-content\/gallery\/glass.php?p=34\">white ray bans<\/a><br \/>\n<a href=\"http:\/\/goldsmithjewelers.com\/weddings\/gallery\/archived\/cl.php?p=12\">louboutin shoes <\/a><br \/>\n<a href=\"http:\/\/nbcontracts.co.uk\/wp-content\/uploads\/sites\/tim.php?p=12\">black timberland boots <\/a><br \/>\n<a href=\"http:\/\/www.brigadecon.org\/img\/sponsors\/cheapairjordans.php?p=38\">jordan retro 11 <\/a>\n<\/div>\n","protected":false},"excerpt":{"rendered":"<p>A Prefeitura de Valen\u00e7a realizou na noite de ontem (26), no Plen\u00e1rio da C\u00e2mara Municipal Audi\u00eancia P\u00fablica de presta\u00e7\u00e3o de contas e avalia\u00e7\u00e3o das metas fiscais referente ao primeiro semestre&#8230;<\/p>\n","protected":false},"author":2,"featured_media":0,"comment_status":"open","ping_status":"open","sticky":false,"template":"","format":"standard","meta":{"ngg_post_thumbnail":0,"footnotes":""},"categories":[12],"tags":[],"class_list":["post-484","post","type-post","status-publish","format-standard","hentry","category-valenca-news"],"views":276,"meta_data":{"thumb":null,"imagem":null,"data":{"simple":"27\/02\/2009","date_time":"27\/02\/2009 06:24:01","date":"h\u00e1 17 anos"},"chapeu":"","source":""},"_links":{"self":[{"href":"https:\/\/portalv1.com.br\/api\/wp\/v2\/posts\/484","targetHints":{"allow":["GET"]}}],"collection":[{"href":"https:\/\/portalv1.com.br\/api\/wp\/v2\/posts"}],"about":[{"href":"https:\/\/portalv1.com.br\/api\/wp\/v2\/types\/post"}],"author":[{"embeddable":true,"href":"https:\/\/portalv1.com.br\/api\/wp\/v2\/users\/2"}],"replies":[{"embeddable":true,"href":"https:\/\/portalv1.com.br\/api\/wp\/v2\/comments?post=484"}],"version-history":[{"count":0,"href":"https:\/\/portalv1.com.br\/api\/wp\/v2\/posts\/484\/revisions"}],"wp:attachment":[{"href":"https:\/\/portalv1.com.br\/api\/wp\/v2\/media?parent=484"}],"wp:term":[{"taxonomy":"category","embeddable":true,"href":"https:\/\/portalv1.com.br\/api\/wp\/v2\/categories?post=484"},{"taxonomy":"post_tag","embeddable":true,"href":"https:\/\/portalv1.com.br\/api\/wp\/v2\/tags?post=484"}],"curies":[{"name":"wp","href":"https:\/\/api.w.org\/{rel}","templated":true}]}}