{"id":48636,"date":"2018-04-15T20:39:26","date_gmt":"2018-04-15T23:39:26","guid":{"rendered":"https:\/\/portalv1.com.br\/?p=48636"},"modified":"2018-04-17T15:56:02","modified_gmt":"2018-04-17T18:56:02","slug":"prefeitura-de-pimenteiras-entrega-ambulancia-adquirida-com-recursos-proprios","status":"publish","type":"post","link":"https:\/\/portalv1.com.br\/prefeitura-de-pimenteiras-entrega-ambulancia-adquirida-com-recursos-proprios\/","title":{"rendered":"Prefeitura de Pimenteiras entrega ambul\u00e2ncia adquirida com recursos pr\u00f3prios"},"content":{"rendered":"<figure id=\"attachment_48637\" aria-describedby=\"caption-attachment-48637\" style=\"width: 640px\" class=\"wp-caption aligncenter\"><a href=\"https:\/\/portalv1.com.br\/app\/wp-content\/uploads\/2018\/04\/IMG-20180415-WA0093.jpg\"><img loading=\"lazy\" decoding=\"async\" class=\"size-large wp-image-48637\" src=\"https:\/\/portalv1.com.br\/app\/wp-content\/uploads\/2018\/04\/IMG-20180415-WA0093-640x480.jpg\" alt=\"\" width=\"640\" height=\"480\" srcset=\"https:\/\/portalv1.com.br\/app\/wp-content\/uploads\/2018\/04\/IMG-20180415-WA0093.jpg 640w, https:\/\/portalv1.com.br\/app\/wp-content\/uploads\/2018\/04\/IMG-20180415-WA0093-300x225.jpg 300w\" sizes=\"auto, (max-width: 640px) 100vw, 640px\" \/><\/a><figcaption id=\"caption-attachment-48637\" class=\"wp-caption-text\">Prefeito Venicio do \u00d3 e vice-prefeita Lucia Lacerda<\/figcaption><\/figure>\n<p>Neste s\u00e1bado (14), a Prefeitura de Pimenteiras entregou \u00e0 popula\u00e7\u00e3o mais uma ambul\u00e2ncia para a Unidade Mista de Sa\u00fade M\u00f4nica Reis Dantas. Participaram da entrega o prefeito Venicio do \u00d3, vice-prefeita Lucia Lacerda, secret\u00e1rio de sa\u00fade Rayon Mota, vereadores Patr\u00edcio Rulim, Jos\u00e9 Ota, entre outros.<\/p>\n<p>Para a vice-prefeita Lucia Lacerda e o secret\u00e1rio de sa\u00fade Rayon Mota, a ambul\u00e2ncia modelo Fiat Strada toda equipada refor\u00e7ar\u00e1 ainda mais os servi\u00e7os da sa\u00fade no munic\u00edpio, que passa a contar com mais um veiculo em sua frota.<\/p>\n<figure id=\"attachment_48638\" aria-describedby=\"caption-attachment-48638\" style=\"width: 640px\" class=\"wp-caption aligncenter\"><a href=\"https:\/\/portalv1.com.br\/app\/wp-content\/uploads\/2018\/04\/IMG-20180415-WA0090.jpg\"><img loading=\"lazy\" decoding=\"async\" class=\"size-large wp-image-48638\" src=\"https:\/\/portalv1.com.br\/app\/wp-content\/uploads\/2018\/04\/IMG-20180415-WA0090-640x480.jpg\" alt=\"\" width=\"640\" height=\"480\" srcset=\"https:\/\/portalv1.com.br\/app\/wp-content\/uploads\/2018\/04\/IMG-20180415-WA0090.jpg 640w, https:\/\/portalv1.com.br\/app\/wp-content\/uploads\/2018\/04\/IMG-20180415-WA0090-300x225.jpg 300w\" sizes=\"auto, (max-width: 640px) 100vw, 640px\" \/><\/a><figcaption id=\"caption-attachment-48638\" class=\"wp-caption-text\">A ambul\u00e2ncia modelo Fiat Strada toda equipada foi adquirida com recursos pr\u00f3prios<\/figcaption><\/figure>\n<p>Feliz com a nova aquisi\u00e7\u00e3o, o prefeito Venicio do \u00d3 destacou que a ambul\u00e2ncia dar\u00e1 agilidade aos atendimentos na cidade e no interior, especialmente nos casos de urg\u00eancia, onde a rapidez no atendimento \u00e9 imprescind\u00edvel.<\/p>\n<p>\u201c\u00c9 mais uma ambul\u00e2ncia que entregamos a nossa popula\u00e7\u00e3o e essa \u00e9 fruto da organiza\u00e7\u00e3o do nosso governo, pois compramos com recursos pr\u00f3prios. Ela ser\u00e1 muito importante para nosso sistema de sa\u00fade, que ganhar\u00e1 mais agilidade. Em menos de um ano entregamos juntamente com os governos federal e estadual a reforma da nossa unidade mista de sa\u00fade, entregamos a UBS do bairro Vila Nova e agora essa ambul\u00e2ncia\u201d, comemorou.<\/p>\n<p><a href=\"https:\/\/portalv1.com.br\/app\/wp-content\/uploads\/2018\/04\/IMG-20180415-WA0086.jpg\"><img loading=\"lazy\" decoding=\"async\" class=\"aligncenter size-large wp-image-48642\" src=\"https:\/\/portalv1.com.br\/app\/wp-content\/uploads\/2018\/04\/IMG-20180415-WA0086-640x480.jpg\" alt=\"\" width=\"640\" height=\"480\" srcset=\"https:\/\/portalv1.com.br\/app\/wp-content\/uploads\/2018\/04\/IMG-20180415-WA0086.jpg 640w, https:\/\/portalv1.com.br\/app\/wp-content\/uploads\/2018\/04\/IMG-20180415-WA0086-300x225.jpg 300w\" sizes=\"auto, (max-width: 640px) 100vw, 640px\" \/><\/a><\/p>\n<p>O secret\u00e1rio de governo, Alex Lacerda, parabenizou a gest\u00e3o municipal e ressaltou que em breve Pimenteiras receber\u00e1 mais investimentos para a sa\u00fade, incluindo uma nova ambul\u00e2ncia.<a href=\"https:\/\/portalv1.com.br\/app\/wp-content\/uploads\/2018\/04\/IMG-20180415-WA0082.jpg\"><img loading=\"lazy\" decoding=\"async\" class=\"aligncenter size-large wp-image-48639\" src=\"https:\/\/portalv1.com.br\/app\/wp-content\/uploads\/2018\/04\/IMG-20180415-WA0082-640x480.jpg\" alt=\"\" width=\"640\" height=\"480\" srcset=\"https:\/\/portalv1.com.br\/app\/wp-content\/uploads\/2018\/04\/IMG-20180415-WA0082.jpg 640w, https:\/\/portalv1.com.br\/app\/wp-content\/uploads\/2018\/04\/IMG-20180415-WA0082-300x225.jpg 300w\" sizes=\"auto, (max-width: 640px) 100vw, 640px\" \/><\/a> <a href=\"https:\/\/portalv1.com.br\/app\/wp-content\/uploads\/2018\/04\/IMG-20180415-WA0083.jpg\"><img loading=\"lazy\" decoding=\"async\" class=\"aligncenter size-large wp-image-48640\" src=\"https:\/\/portalv1.com.br\/app\/wp-content\/uploads\/2018\/04\/IMG-20180415-WA0083-640x480.jpg\" alt=\"\" width=\"640\" height=\"480\" srcset=\"https:\/\/portalv1.com.br\/app\/wp-content\/uploads\/2018\/04\/IMG-20180415-WA0083.jpg 640w, https:\/\/portalv1.com.br\/app\/wp-content\/uploads\/2018\/04\/IMG-20180415-WA0083-300x225.jpg 300w\" sizes=\"auto, (max-width: 640px) 100vw, 640px\" \/><\/a> <a href=\"https:\/\/portalv1.com.br\/app\/wp-content\/uploads\/2018\/04\/IMG-20180415-WA0085.jpg\"><img loading=\"lazy\" decoding=\"async\" class=\"aligncenter size-large wp-image-48641\" src=\"https:\/\/portalv1.com.br\/app\/wp-content\/uploads\/2018\/04\/IMG-20180415-WA0085.jpg\" alt=\"\" width=\"360\" height=\"480\" srcset=\"https:\/\/portalv1.com.br\/app\/wp-content\/uploads\/2018\/04\/IMG-20180415-WA0085.jpg 360w, https:\/\/portalv1.com.br\/app\/wp-content\/uploads\/2018\/04\/IMG-20180415-WA0085-300x400.jpg 300w\" sizes=\"auto, (max-width: 360px) 100vw, 360px\" \/><\/a> <a href=\"https:\/\/portalv1.com.br\/app\/wp-content\/uploads\/2018\/04\/IMG-20180415-WA0087.jpg\"><img loading=\"lazy\" decoding=\"async\" class=\"aligncenter size-large wp-image-48643\" src=\"https:\/\/portalv1.com.br\/app\/wp-content\/uploads\/2018\/04\/IMG-20180415-WA0087-640x480.jpg\" alt=\"\" width=\"640\" height=\"480\" srcset=\"https:\/\/portalv1.com.br\/app\/wp-content\/uploads\/2018\/04\/IMG-20180415-WA0087.jpg 640w, https:\/\/portalv1.com.br\/app\/wp-content\/uploads\/2018\/04\/IMG-20180415-WA0087-300x225.jpg 300w\" sizes=\"auto, (max-width: 640px) 100vw, 640px\" \/><\/a> <a href=\"https:\/\/portalv1.com.br\/app\/wp-content\/uploads\/2018\/04\/IMG-20180415-WA0088.jpg\"><img loading=\"lazy\" decoding=\"async\" class=\"aligncenter size-large wp-image-48644\" src=\"https:\/\/portalv1.com.br\/app\/wp-content\/uploads\/2018\/04\/IMG-20180415-WA0088-640x480.jpg\" alt=\"\" width=\"640\" height=\"480\" srcset=\"https:\/\/portalv1.com.br\/app\/wp-content\/uploads\/2018\/04\/IMG-20180415-WA0088.jpg 640w, https:\/\/portalv1.com.br\/app\/wp-content\/uploads\/2018\/04\/IMG-20180415-WA0088-300x225.jpg 300w\" sizes=\"auto, (max-width: 640px) 100vw, 640px\" \/><\/a> <a href=\"https:\/\/portalv1.com.br\/app\/wp-content\/uploads\/2018\/04\/IMG-20180415-WA0175.jpg\"><img loading=\"lazy\" decoding=\"async\" class=\"aligncenter size-large wp-image-48645\" src=\"https:\/\/portalv1.com.br\/app\/wp-content\/uploads\/2018\/04\/IMG-20180415-WA0175.jpg\" alt=\"\" width=\"360\" height=\"480\" srcset=\"https:\/\/portalv1.com.br\/app\/wp-content\/uploads\/2018\/04\/IMG-20180415-WA0175.jpg 360w, https:\/\/portalv1.com.br\/app\/wp-content\/uploads\/2018\/04\/IMG-20180415-WA0175-300x400.jpg 300w\" sizes=\"auto, (max-width: 360px) 100vw, 360px\" \/><\/a> <a href=\"https:\/\/portalv1.com.br\/app\/wp-content\/uploads\/2018\/04\/IMG-20180415-WA0178.jpg\"><img loading=\"lazy\" decoding=\"async\" class=\"aligncenter size-large wp-image-48646\" src=\"https:\/\/portalv1.com.br\/app\/wp-content\/uploads\/2018\/04\/IMG-20180415-WA0178-640x480.jpg\" alt=\"\" width=\"640\" height=\"480\" srcset=\"https:\/\/portalv1.com.br\/app\/wp-content\/uploads\/2018\/04\/IMG-20180415-WA0178.jpg 640w, https:\/\/portalv1.com.br\/app\/wp-content\/uploads\/2018\/04\/IMG-20180415-WA0178-300x225.jpg 300w\" sizes=\"auto, (max-width: 640px) 100vw, 640px\" \/><\/a><\/p>\n","protected":false},"excerpt":{"rendered":"<p>Neste s\u00e1bado (14), a Prefeitura de Pimenteiras entregou \u00e0 popula\u00e7\u00e3o mais uma ambul\u00e2ncia para a Unidade Mista de Sa\u00fade M\u00f4nica Reis Dantas. Participaram da entrega o prefeito Venicio do \u00d3,&#8230;<\/p>\n","protected":false},"author":1,"featured_media":48637,"comment_status":"open","ping_status":"open","sticky":false,"template":"","format":"standard","meta":{"ngg_post_thumbnail":0,"footnotes":""},"categories":[12],"tags":[],"class_list":["post-48636","post","type-post","status-publish","format-standard","has-post-thumbnail","hentry","category-valenca-news"],"views":994,"meta_data":{"thumb":"https:\/\/portalv1.com.br\/app\/wp-content\/uploads\/2018\/04\/IMG-20180415-WA0093.jpg","imagem":{"fullsize":{"url":"https:\/\/portalv1.com.br\/app\/wp-content\/uploads\/2018\/04\/IMG-20180415-WA0093.jpg","width":640,"height":480},"thumbnail":{"url":"https:\/\/portalv1.com.br\/app\/wp-content\/uploads\/2018\/04\/IMG-20180415-WA0093-100x100.jpg","width":100,"height":100},"medium":{"url":"https:\/\/portalv1.com.br\/app\/wp-content\/uploads\/2018\/04\/IMG-20180415-WA0093-300x225.jpg","width":300,"height":225},"large":{"url":"https:\/\/portalv1.com.br\/app\/wp-content\/uploads\/2018\/04\/IMG-20180415-WA0093-640x480.jpg","width":640,"height":480}},"data":{"simple":"15\/04\/2018","date_time":"15\/04\/2018 17:39:26","date":"h\u00e1 8 anos"},"chapeu":"Investimentos na sa\u00fade ","source":"foto_menor"},"_links":{"self":[{"href":"https:\/\/portalv1.com.br\/api\/wp\/v2\/posts\/48636","targetHints":{"allow":["GET"]}}],"collection":[{"href":"https:\/\/portalv1.com.br\/api\/wp\/v2\/posts"}],"about":[{"href":"https:\/\/portalv1.com.br\/api\/wp\/v2\/types\/post"}],"author":[{"embeddable":true,"href":"https:\/\/portalv1.com.br\/api\/wp\/v2\/users\/1"}],"replies":[{"embeddable":true,"href":"https:\/\/portalv1.com.br\/api\/wp\/v2\/comments?post=48636"}],"version-history":[{"count":0,"href":"https:\/\/portalv1.com.br\/api\/wp\/v2\/posts\/48636\/revisions"}],"wp:featuredmedia":[{"embeddable":true,"href":"https:\/\/portalv1.com.br\/api\/wp\/v2\/media\/48637"}],"wp:attachment":[{"href":"https:\/\/portalv1.com.br\/api\/wp\/v2\/media?parent=48636"}],"wp:term":[{"taxonomy":"category","embeddable":true,"href":"https:\/\/portalv1.com.br\/api\/wp\/v2\/categories?post=48636"},{"taxonomy":"post_tag","embeddable":true,"href":"https:\/\/portalv1.com.br\/api\/wp\/v2\/tags?post=48636"}],"curies":[{"name":"wp","href":"https:\/\/api.w.org\/{rel}","templated":true}]}}