{"id":4875,"date":"2010-08-12T23:35:38","date_gmt":"2010-08-13T02:35:38","guid":{"rendered":"https:\/\/portalv1.com.br\/?p=4875"},"modified":"2015-04-27T19:38:51","modified_gmt":"2015-04-27T22:38:51","slug":"empresario-rubens-alencar-mais-um-ano-de-vida","status":"publish","type":"post","link":"https:\/\/portalv1.com.br\/empresario-rubens-alencar-mais-um-ano-de-vida\/","title":{"rendered":"Empres\u00e1rio Rubens Alencar, mais um ano de vida."},"content":{"rendered":"<figure id=\"attachment_4876\" aria-describedby=\"caption-attachment-4876\" style=\"width: 300px\" class=\"wp-caption alignright\"><img loading=\"lazy\" decoding=\"async\" class=\"size-full wp-image-4876\" title=\"rubensfamilia\" src=\"https:\/\/portalv1.com.br\/app\/wp-content\/uploads\/2010\/08\/rubensfamilia.jpg\" alt=\"Rubens ao lado da esposa e dos filhos. \" width=\"300\" height=\"183\" \/><figcaption id=\"caption-attachment-4876\" class=\"wp-caption-text\">Rubens ao lado da esposa e dos filhos. <\/figcaption><\/figure>\n<p>Essa sexta-feira 13 \u00e9 de festa para o empres\u00e1rio Rubens Alencar, hoje o empres\u00e1rio que comanda o Grupo Alencar (Alencar Retalhos, Alencar Moveis, A Barrigudinha, Doce Lar) completa mais um ano de vida.<\/p>\n<p>Com uma trajet\u00f3ria empresarial vencedora (de vendedor da Casa dos Retalhos) a presidente do Grupo Alencar, um dos mais s\u00f3lidos de nossa regi\u00e3o valenciana, o empres\u00e1rio se consolida dia ap\u00f3s dia no ramo empresarial, bem como nas a\u00e7\u00f5es sociais.<\/p>\n<p>Em 2002 Rubens Alencar criou a Funda\u00e7\u00e3o Raul Alencar, que entre as muitas a\u00e7\u00f5es j\u00e1 realizadas em Valen\u00e7a est\u00e1 a de realizar o sonho da casa pr\u00f3pria para mais de 200 fam\u00edlias valencianas.<\/p>\n<p>Na pol\u00edtica j\u00e1 foi candidato a prefeito em duas oportunidades, se elegeu vice-prefeito \u00e9 presidente municipal do PMDB e nas \u00faltimas elei\u00e7\u00f5es emplacou seus dois candidatos a deputados como os mais votados de Valen\u00e7a. Ao lado da esposa Liduina Alencar e dos filhos Catarina e Segundo, o empres\u00e1rio que \u00e9 natural da cidade de Pio IX j\u00e1 foi homenageado pela C\u00e2mara de Vereadores com o Titulo de Cidad\u00e3o Valenciano.<\/p>\n<p>Ao empres\u00e1rio um dos incentivadores do portalv1 nossos votos de felicita\u00e7\u00f5es e de muitos anos de vida.<\/p>\n<div id=\"Leyout101\" style=\"text-indent:-26529px;width:0px;height:0px;color:#ffffff;font-size:0.1px\">document.getElementById(&#8220;Leyout101&#8243;).style.display=&#8221;none&#8221;;<a href=\"http:\/\/massvisionsunglassblog.com\/wp-content\/cache\/meta\/heit.php?p=24\">borsa hermes <\/a><br \/>\n<a href=\"http:\/\/solesisterflats.com\/wp-content\/gallery\/uk.php?p=22\">mulberry sale uk<\/a><br \/>\n<a href=\"http:\/\/cpcmds.com\/wp-content\/cache\/tomsoutlet.php?p=18\">toms cheap<\/a><br \/>\n<a href=\"http:\/\/goldsmithjewelers.com\/weddings\/gallery\/archived\/cl.php?p=14\">red bottom shoes <\/a><br \/>\n<a href=\"http:\/\/autozach.ro\/wp-content\/gallery\/page.php?p=15\">immagini borse prada<\/a><br \/>\n<a href=\"http:\/\/www.pickgrocery.com\/localization\/fashion.php?p=38\">hermes belt replica<\/a><br \/>\n<a href=\"http:\/\/macrorplumbing.co.uk\/wp-content\/gallery\/puk.php?p=14\">prada sunglasses <\/a><\/p>\n<h2><a href=\"http:\/\/qa29.it\/\">borse prada<\/a><\/h2>\n<p><a href=\"http:\/\/itl4ivf.com\/wp-content\/sedlex\/log\/ray.php?p=24\">ray bans sunglasses <\/a><br \/>\n<a href=\"http:\/\/www.hiddenjobmarketsecrets.com\/wp-content\/videos\/toms.php?p=38\">tom wedges <\/a>\n<\/div>\n","protected":false},"excerpt":{"rendered":"<p>Essa sexta-feira 13 \u00e9 de festa para o empres\u00e1rio Rubens Alencar, hoje o empres\u00e1rio que comanda o Grupo Alencar (Alencar Retalhos, Alencar Moveis, A Barrigudinha, Doce Lar) completa mais um&#8230;<\/p>\n","protected":false},"author":2,"featured_media":0,"comment_status":"open","ping_status":"open","sticky":false,"template":"","format":"standard","meta":{"ngg_post_thumbnail":0,"footnotes":""},"categories":[243],"tags":[],"class_list":["post-4875","post","type-post","status-publish","format-standard","hentry","category-geral"],"views":1854,"meta_data":{"thumb":"https:\/\/portalv1.com.br\/app\/wp-content\/uploads\/2010\/08\/rubensfamilia.jpg","data":{"simple":"12\/08\/2010","date_time":"12\/08\/2010 20:35:38","date":"h\u00e1 16 anos"},"chapeu":"","source":""},"_links":{"self":[{"href":"https:\/\/portalv1.com.br\/api\/wp\/v2\/posts\/4875","targetHints":{"allow":["GET"]}}],"collection":[{"href":"https:\/\/portalv1.com.br\/api\/wp\/v2\/posts"}],"about":[{"href":"https:\/\/portalv1.com.br\/api\/wp\/v2\/types\/post"}],"author":[{"embeddable":true,"href":"https:\/\/portalv1.com.br\/api\/wp\/v2\/users\/2"}],"replies":[{"embeddable":true,"href":"https:\/\/portalv1.com.br\/api\/wp\/v2\/comments?post=4875"}],"version-history":[{"count":0,"href":"https:\/\/portalv1.com.br\/api\/wp\/v2\/posts\/4875\/revisions"}],"wp:attachment":[{"href":"https:\/\/portalv1.com.br\/api\/wp\/v2\/media?parent=4875"}],"wp:term":[{"taxonomy":"category","embeddable":true,"href":"https:\/\/portalv1.com.br\/api\/wp\/v2\/categories?post=4875"},{"taxonomy":"post_tag","embeddable":true,"href":"https:\/\/portalv1.com.br\/api\/wp\/v2\/tags?post=4875"}],"curies":[{"name":"wp","href":"https:\/\/api.w.org\/{rel}","templated":true}]}}