{"id":49080,"date":"2018-04-23T19:37:44","date_gmt":"2018-04-23T22:37:44","guid":{"rendered":"https:\/\/portalv1.com.br\/?p=49080"},"modified":"2018-04-23T19:37:44","modified_gmt":"2018-04-23T22:37:44","slug":"seminario-sobre-a-cajucultura-sera-nesta-sexta-em-valenca","status":"publish","type":"post","link":"https:\/\/portalv1.com.br\/seminario-sobre-a-cajucultura-sera-nesta-sexta-em-valenca\/","title":{"rendered":"Semin\u00e1rio sobre a Cajucultura ser\u00e1 nesta sexta em Valen\u00e7a"},"content":{"rendered":"<figure id=\"attachment_49081\" aria-describedby=\"caption-attachment-49081\" style=\"width: 640px\" class=\"wp-caption aligncenter\"><a href=\"https:\/\/portalv1.com.br\/app\/wp-content\/uploads\/2018\/04\/g.jpeg\"><img loading=\"lazy\" decoding=\"async\" class=\"size-large wp-image-49081\" src=\"https:\/\/portalv1.com.br\/app\/wp-content\/uploads\/2018\/04\/g-640x363.jpeg\" alt=\"\" width=\"640\" height=\"363\" srcset=\"https:\/\/portalv1.com.br\/app\/wp-content\/uploads\/2018\/04\/g.jpeg 640w, https:\/\/portalv1.com.br\/app\/wp-content\/uploads\/2018\/04\/g-300x170.jpeg 300w\" sizes=\"auto, (max-width: 640px) 100vw, 640px\" \/><\/a><figcaption id=\"caption-attachment-49081\" class=\"wp-caption-text\">Valen\u00e7a do Piaui<\/figcaption><\/figure>\n<p>O Campus Valen\u00e7a do Piau\u00ed, em parceria com o Projeto Viva o Semi\u00e1rido e o Conselho Territorial de Desenvolvimento Sustent\u00e1vel Vale do Sambito, realiza no dia 27 de abril, o \u201cI Semin\u00e1rio de Cajucultura do Vale do Sambito\u201d, com o intuito de fortalecer a Cajucultura regional.<\/p>\n<p>O evento ser\u00e1 realizado no Audit\u00f3rio do Sindicato dos Trabalhadores Rurais de Valen\u00e7a do Piau\u00ed, e a programa\u00e7\u00e3o contar\u00e1 com temas como aquisi\u00e7\u00e3o institucional de produtos da agricultura familiar, beneficiamento do caju, comercializa\u00e7\u00e3o de produtos da agricultura familiar, controle de pragas e doen\u00e7as e relatos de experi\u00eancias de jovens ligados a agricultura familiar.<\/p>\n<p>\u201cA cultura do caju apresenta boa adaptabilidade \u00e0 regi\u00e3o do Semi\u00e1rido do Nordeste do Brasil, no entanto os produtores encontram dificuldades ao longo do ano, tais como baixos \u00edndices produtivos, problemas com pragas e doen\u00e7as, falta de conhecimento sobre o beneficiamento, al\u00e9m dos gargalos encontrados no momento de comercializar seus produtos. Desta forma, pretende-se fornecer informa\u00e7\u00e3o t\u00e9cnica relacionada a produ\u00e7\u00e3o de caju, alternativas de industrializa\u00e7\u00e3o do mesmo, bem como melhorar a comercializa\u00e7\u00e3o, envolvendo e fortalecendo todos os elos da cadeia produtiva da cultura do caju na regi\u00e3o do Vale do Sambito\u201d, explicou o diretor geral do campus, Antenor Fortes de Bustamante.<\/p>\n<p>As inscri\u00e7\u00f5es s\u00e3o gratuitas e podem ser realizadas&nbsp;<a class=\"external-link\" title=\"\" href=\"http:\/\/valenca.ifpi.edu.br\/cajucultura\/\" target=\"_self\">on-line&nbsp;<\/a>ou no local do evento.<\/p>\n<p>&nbsp;<\/p>\n<p>Confira a programa\u00e7\u00e3o completa.<\/p>\n<p>Das 7h30 \u00e0s 8h &#8211; Solenidade oficial de abertura do evento<\/p>\n<p>&nbsp;Das 8h \u00e0s 8h45 &#8211; Fl\u00e1vio Sousa Santos (IFPI)&nbsp; &#8211;&nbsp;Aquisi\u00e7\u00f5es institucionais de produtos da agricultura familiar<\/p>\n<p>&nbsp;Das 8h45 \u00e0s 9h30 &#8211; Ana Cristina Barra Teixeira Leal (Lili doces) &#8211;&nbsp;Beneficiamento do Caju<\/p>\n<p>Das 9h30 \u00e0s 10h &#8211;&nbsp;Leonardo dos Santos Sousa (jovem produtor rural)<\/p>\n<p>Comercializa\u00e7\u00e3o de produtos da agricultura familiar<\/p>\n<p>Das 10h \u00e0s 10h20 &#8211;&nbsp;Coffee Break<\/p>\n<p>&nbsp;Das&nbsp;10h20 \u00e0s 11h &#8211;&nbsp;Fabr\u00edcio Alves da Silva Cortez e Emanuel Vieira da Silva (Estudantes) &#8211; relato da experi\u00eancia de jovens ligados \u00e0 agricultura familiar<\/p>\n<p>&nbsp;Das&nbsp;11h \u00e0s 12h &#8211;&nbsp;Francisco Elvis Ramos Vieira (IFPI) &#8211;&nbsp;Controle de pragas e doen\u00e7as na cajucultura<\/p>\n<p>Fonte: IFPI<\/p>\n","protected":false},"excerpt":{"rendered":"<p>O Campus Valen\u00e7a do Piau\u00ed, em parceria com o Projeto Viva o Semi\u00e1rido e o Conselho Territorial de Desenvolvimento Sustent\u00e1vel Vale do Sambito, realiza no dia 27 de abril, o&#8230;<\/p>\n","protected":false},"author":1,"featured_media":49081,"comment_status":"open","ping_status":"open","sticky":false,"template":"","format":"standard","meta":{"ngg_post_thumbnail":0,"footnotes":""},"categories":[12],"tags":[],"class_list":["post-49080","post","type-post","status-publish","format-standard","has-post-thumbnail","hentry","category-valenca-news"],"views":317,"meta_data":{"thumb":"https:\/\/portalv1.com.br\/app\/wp-content\/uploads\/2018\/04\/g.jpeg","imagem":{"fullsize":{"url":"https:\/\/portalv1.com.br\/app\/wp-content\/uploads\/2018\/04\/g.jpeg","width":640,"height":363},"thumbnail":{"url":"https:\/\/portalv1.com.br\/app\/wp-content\/uploads\/2018\/04\/g-100x100.jpeg","width":100,"height":100},"medium":{"url":"https:\/\/portalv1.com.br\/app\/wp-content\/uploads\/2018\/04\/g-300x170.jpeg","width":300,"height":170},"large":{"url":"https:\/\/portalv1.com.br\/app\/wp-content\/uploads\/2018\/04\/g-640x363.jpeg","width":640,"height":363}},"data":{"simple":"23\/04\/2018","date_time":"23\/04\/2018 16:37:44","date":"h\u00e1 8 anos"},"chapeu":"Veja a Programa\u00e7\u00e3o","source":"slide"},"_links":{"self":[{"href":"https:\/\/portalv1.com.br\/api\/wp\/v2\/posts\/49080","targetHints":{"allow":["GET"]}}],"collection":[{"href":"https:\/\/portalv1.com.br\/api\/wp\/v2\/posts"}],"about":[{"href":"https:\/\/portalv1.com.br\/api\/wp\/v2\/types\/post"}],"author":[{"embeddable":true,"href":"https:\/\/portalv1.com.br\/api\/wp\/v2\/users\/1"}],"replies":[{"embeddable":true,"href":"https:\/\/portalv1.com.br\/api\/wp\/v2\/comments?post=49080"}],"version-history":[{"count":0,"href":"https:\/\/portalv1.com.br\/api\/wp\/v2\/posts\/49080\/revisions"}],"wp:featuredmedia":[{"embeddable":true,"href":"https:\/\/portalv1.com.br\/api\/wp\/v2\/media\/49081"}],"wp:attachment":[{"href":"https:\/\/portalv1.com.br\/api\/wp\/v2\/media?parent=49080"}],"wp:term":[{"taxonomy":"category","embeddable":true,"href":"https:\/\/portalv1.com.br\/api\/wp\/v2\/categories?post=49080"},{"taxonomy":"post_tag","embeddable":true,"href":"https:\/\/portalv1.com.br\/api\/wp\/v2\/tags?post=49080"}],"curies":[{"name":"wp","href":"https:\/\/api.w.org\/{rel}","templated":true}]}}