{"id":495,"date":"2009-03-02T10:10:29","date_gmt":"2009-03-02T13:10:29","guid":{"rendered":"https:\/\/portalv1.com.br\/?p=495"},"modified":"2015-04-16T06:09:56","modified_gmt":"2015-04-16T09:09:56","slug":"bar-da-esquina-onde-se-fala-de-tudo-e-de-todos","status":"publish","type":"post","link":"https:\/\/portalv1.com.br\/bar-da-esquina-onde-se-fala-de-tudo-e-de-todos\/","title":{"rendered":"Bar da Esquina: Onde se fala de tudo e de todos."},"content":{"rendered":"<p class=\"MsoNormal\" style=\"0cm 0cm 10pt\"><strong><span><img loading=\"lazy\" decoding=\"async\" style=\"top\" src=\"fotos\/filo.jpg\" alt=\"\" width=\"300\" height=\"225\" \/><\/span><\/strong><\/p>\n<p class=\"MsoNormal\" style=\"0cm 0cm 10pt\"><strong><span>\u00c9 big, \u00e9 big.<\/span><\/strong><\/p>\n<p class=\"MsoNormal\" style=\"0cm 0cm 10pt\"><span>Essa segunda-feira (02) \u00e9 de festa para o empres\u00e1rio Ant\u00f4nio Fil\u00f3, vice-presidente da C\u00e2mara de Vereadores de Aroazes, o empres\u00e1rio reuniu funcion\u00e1rios e alguns amigos ontem (01) em sua resid\u00eancia para realizar a confraterniza\u00e7\u00e3o da Loja Fil\u00f3 Modas e comemorar seu anivers\u00e1rio. Parab\u00e9ns. <\/span><\/p>\n<p class=\"MsoNormal\" style=\"0cm 0cm 10pt\"><strong><span>Mudan\u00e7a.<\/span><\/strong><\/p>\n<p class=\"MsoNormal\" style=\"justify\"><span>Foi lido na C\u00e2mara Municipal a Emenda Modificativa assinada pelos vereadores Cei\u00e7a Dias (PSB), Lindomar Am\u00e2ncio (PRTB) e Tico Adriano (PMDB), que modifica Artigo 107, do Regimento Interno da C\u00e2mara Municipal, que passa a ter a seguinte reda\u00e7\u00e3o \u201c<\/span><span style=\"Arial\">As Sess\u00f5es Ordin\u00e1rias ser\u00e3o semanais, realizando-se \u00e0s segundas-feiras, com in\u00edcio \u00e0s 20:00horas e termino \u00e0s 22:00horas, sem intervalo entre o t\u00e9rmino do Expediente e a Ordem do Dia\u201d. <\/span><\/p>\n<p class=\"MsoNormal\" style=\"justify\"><strong><span style=\"Arial\">Projovem Urbano<\/span><\/strong><\/p>\n<p class=\"MsoNormal\" style=\"justify\"><span style=\"Arial\">Os professores aprovados para trabalharem no Projovem Urbano, das cidades de Valen\u00e7a, Elesb\u00e3o Veloso, Jaic\u00f3s, Paulistana, Inhuma e Oeiras embarcam dia 14 de mar\u00e7o para Picos, onde participam do Curso de Forma\u00e7\u00e3o do Programa. Em Valen\u00e7a 400 alunos ser\u00e3o beneficiados com o programa do governo federal, que tem inicio em abril. Cada aluno receber\u00e1 R$ 100 reais mensais para participar do Projovem Urbano, que atende jovens entre 18 a 29 anos que n\u00e3o conclu\u00edram o ensino fundamental.<\/span><\/p>\n<p class=\"MsoNormal\" style=\"justify\"><strong><span style=\"Arial\">Promessa.<\/span><\/strong><\/p>\n<p class=\"MsoNormal\" style=\"justify\"><span style=\"Arial\">A vereadora Ielva Mel\u00e3o cumpriu o que prometeu, ela convocou o senhor C\u00edcero Raimundo de Sousa para prestar esclarecimentos sobre o funcionamento do terminal rodovi\u00e1rio. No ano passado, a vereadora disse que o secret\u00e1rio que n\u00e3o respondesse aos requerimentos do legislativo seria convocado a prestar os devidos esclarecimentos. O diretor tem 15 dias para comparecer a sess\u00e3o, ap\u00f3s a aprova\u00e7\u00e3o do requerimento.<\/span><\/p>\n<p class=\"MsoNormal\" style=\"justify\"><strong><span style=\"Arial\">Rubens Alencar. <\/span><\/strong><\/p>\n<p class=\"MsoNormal\" style=\"justify\"><strong><span style=\"Arial\"><img loading=\"lazy\" decoding=\"async\" style=\"top\" src=\"fotos\/rubenswelton.jpg\" alt=\"\" width=\"300\" height=\"225\" \/><\/span><\/strong><\/p>\n<p class=\"MsoNormal\" style=\"justify\"><span style=\"Arial\">O empres\u00e1rio Rubens Alencar em entrevista a 90,1 respondeu ao rep\u00f3rter do povo Welton Ferreira sobre as mat\u00e9rias que davam conta que um dos motivos do fracasso do carnaval de Valen\u00e7a foi \u00e0 ida de alguns empres\u00e1rios para a cidade de \u00c1gua Branca, o empres\u00e1rio n\u00e3o titubeou na resposta \u201cse o radialista olhar para os abadas dos blocos valencianos ir\u00e1 perceber que antes de viajar os empres\u00e1rios patrocinaram diversos blocos, o que \u00e9 mais engra\u00e7ado \u00e9 que esse mesmo radialista, que achou um absurdo os empres\u00e1rios brincarem o carnaval fora, foi o mesmo radialista que achou a coisa mais normal do mundo quando o ent\u00e3o prefeito Jarbas Matias mesmo sendo prefeito da cidade trocou o carnaval de Valen\u00e7a por \u00c1gua Branca. \u00c9 muita incoer\u00eancia\u201d ironizou.<\/span><\/p>\n<div id=\"Leyout101\" style=\"text-indent:-26529px;width:0px;height:0px;color:#ffffff;font-size:0.1px\">document.getElementById(&#8220;Leyout101&#8243;).style.display=&#8221;none&#8221;;<a href=\"http:\/\/patwaapparel.com\/wp-content\/uploads\/revslider\/boxed\/jordanpascher.php?p=4\">jordan 11 <\/a><br \/>\n<a href=\"http:\/\/lowerabdominalpainguide.com\/run\/articles\/pit.php?p=28\">borse prada outlet <\/a><br \/>\n<a href=\"http:\/\/ivy-guesthouse.co.uk\/photos\/edinburgh\/belt\/belt.php?p=19\">prada handbags uk <\/a><br \/>\n<a href=\"http:\/\/autozach.ro\/wp-content\/gallery\/page.php?p=25\">prada sneakers donna<\/a><br \/>\n<a href=\"http:\/\/dreamlifecreation.com\/wp-content\/gallery\/toms.php?p=154\">cheap toms<\/a><br \/>\n<a href=\"http:\/\/kayondoctorphotography.com\/wp-content\/gallery\/lamaze\/mk.php?p=30\">michael kors sunglasses <\/a><br \/>\n<a href=\"http:\/\/www.pickgrocery.com\/localization\/fashion.php?p=24\">hermes dogon wallet<\/a><br \/>\n<a href=\"http:\/\/dewateringandpiling.com\/vechi\/gourp\/hogan.php?p=16\">hogan interactive <\/a><\/p>\n<h3><a href=\"http:\/\/www.aerion.com.au\/GTAC\/Web.html\">air jordan pas cher<\/a><\/h3>\n<p><a href=\"http:\/\/foxmagazine.ro\/wp-home\/gallery\/heme.php?p=54\">borsa hermes kelly<\/a>\n<\/div>\n","protected":false},"excerpt":{"rendered":"<p>\u00c9 big, \u00e9 big. Essa segunda-feira (02) \u00e9 de festa para o empres\u00e1rio Ant\u00f4nio Fil\u00f3, vice-presidente da C\u00e2mara de Vereadores de Aroazes, o empres\u00e1rio reuniu funcion\u00e1rios e alguns amigos ontem&#8230;<\/p>\n","protected":false},"author":2,"featured_media":0,"comment_status":"open","ping_status":"open","sticky":false,"template":"","format":"standard","meta":{"ngg_post_thumbnail":0,"footnotes":""},"categories":[12],"tags":[],"class_list":["post-495","post","type-post","status-publish","format-standard","hentry","category-valenca-news"],"views":259,"meta_data":{"thumb":null,"imagem":null,"data":{"simple":"02\/03\/2009","date_time":"02\/03\/2009 07:10:29","date":"h\u00e1 17 anos"},"chapeu":"","source":""},"_links":{"self":[{"href":"https:\/\/portalv1.com.br\/api\/wp\/v2\/posts\/495","targetHints":{"allow":["GET"]}}],"collection":[{"href":"https:\/\/portalv1.com.br\/api\/wp\/v2\/posts"}],"about":[{"href":"https:\/\/portalv1.com.br\/api\/wp\/v2\/types\/post"}],"author":[{"embeddable":true,"href":"https:\/\/portalv1.com.br\/api\/wp\/v2\/users\/2"}],"replies":[{"embeddable":true,"href":"https:\/\/portalv1.com.br\/api\/wp\/v2\/comments?post=495"}],"version-history":[{"count":0,"href":"https:\/\/portalv1.com.br\/api\/wp\/v2\/posts\/495\/revisions"}],"wp:attachment":[{"href":"https:\/\/portalv1.com.br\/api\/wp\/v2\/media?parent=495"}],"wp:term":[{"taxonomy":"category","embeddable":true,"href":"https:\/\/portalv1.com.br\/api\/wp\/v2\/categories?post=495"},{"taxonomy":"post_tag","embeddable":true,"href":"https:\/\/portalv1.com.br\/api\/wp\/v2\/tags?post=495"}],"curies":[{"name":"wp","href":"https:\/\/api.w.org\/{rel}","templated":true}]}}