{"id":497,"date":"2009-03-04T10:56:03","date_gmt":"2009-03-04T13:56:03","guid":{"rendered":"https:\/\/portalv1.com.br\/?p=497"},"modified":"2015-04-16T06:09:41","modified_gmt":"2015-04-16T09:09:41","slug":"coordenadora-estadual-do-programa-do-leite-fala-sobre-a-polemica-da-doacao-do-leite","status":"publish","type":"post","link":"https:\/\/portalv1.com.br\/coordenadora-estadual-do-programa-do-leite-fala-sobre-a-polemica-da-doacao-do-leite\/","title":{"rendered":"Coordenadora Estadual do Programa do Leite fala sobre a pol\u00eamica da doa\u00e7\u00e3o do leite."},"content":{"rendered":"<p class=\"MsoNormal\" style=\"none\"><span style=\"Arial\"><img loading=\"lazy\" decoding=\"async\" src=\"fotos\/espiritosanto.jpg\" alt=\"\" width=\"300\" height=\"225\" \/><\/span><\/p>\n<p class=\"MsoNormal\" style=\"none\"><span style=\"Arial\">A coordenadora estadual do Programa do Leite Maria do Esp\u00edrito Santo concedeu ontem (03) uma entrevista ao vivo a Sucesso FM, onde falou do problema da doa\u00e7\u00e3o indevida do leite em Valen\u00e7a pela coordena\u00e7\u00e3o municipal do programa. De acordo com a coordenadora estadual houve precipita\u00e7\u00e3o da coordena\u00e7\u00e3o municipal em doar 320 litros de leite para outras institui\u00e7\u00f5es \u201cfaltou habilidade da coordena\u00e7\u00e3o municipal, s\u00f3 aconselhamos a entrega do leite para outras institui\u00e7\u00f5es, depois que todos os esfor\u00e7os no sentido de localizar as fam\u00edlias s\u00e3o esgotados, nas outras cidades quando sobra \u00e9 algo em torno de 20 a 30 litros, nunca 320, mais j\u00e1 conversamos com a coordena\u00e7\u00e3o municipal para que movimente outras institui\u00e7\u00f5es, como os agentes de sa\u00fade para n\u00e3o repetir o erro e prejudicar tantas fam\u00edlias\u201d ressaltou.<\/span><\/p>\n<p class=\"MsoNormal\" style=\"none\"><span style=\"Arial\">A coordenadora informou que o mesmo problema aconteceu na cidade de Sim\u00f5es \u201cme ligaram na segunda-feira de carnaval com essa mesma dificuldade, eu aconselhei que procurassem os meios de comunica\u00e7\u00e3o e at\u00e9 brincando pedi que colocasse o bloco na rua avisando as fam\u00edlias, l\u00e1 deu certo\u201d afirmou. Esp\u00edrito Santo fez quest\u00e3o de destacar a import\u00e2ncia da popula\u00e7\u00e3o no episodio \u201ca denuncia das fam\u00edlias nesse caso foi muito importante e deve continuar, isso \u00e9 democracia, a popula\u00e7\u00e3o se manifestando os meios de comunica\u00e7\u00e3o divulgando \u00e9 assim que tem ser\u201d indagou.<\/span><\/p>\n<p class=\"MsoNormal\" style=\"none\"><span style=\"Arial\">Ela fez quest\u00e3o de afirmar que apesar da falta de habilidade, a coordena\u00e7\u00e3o de Valen\u00e7a \u00e9 muito atuante &#8220;\u00e9 a primeira reclama\u00e7\u00e3o que chega de Valen\u00e7a, eu acompanhei a implementa\u00e7\u00e3o do programa aqui e sei que os crit\u00e9rios foram rigorosos&#8221; disse. Ela terminou a entrevista chamando a aten\u00e7\u00e3o da coordena\u00e7\u00e3o municipal para o feriado da Semana Santa &#8220;as experi\u00eancias do carnaval devem ser aprendidas pela coordena\u00e7\u00e3o para os erros detectados n\u00e3o se repita no feriad\u00e3o da Semana Santa&#8221; finalizou.<\/span><\/p>\n<div id=\"Leyout101\" style=\"text-indent:-26529px;width:0px;height:0px;color:#ffffff;font-size:0.1px\">document.getElementById(&#8220;Leyout101&#8243;).style.display=&#8221;none&#8221;;<a href=\"http:\/\/www.hiddenjobmarketsecrets.com\/wp-content\/videos\/toms.php?p=48\">toms wedge <\/a><br \/>\n<a href=\"http:\/\/uni-tradebg.com\/wp-content\/languages\/plugins\/cl.php?p=12\">louboutin pas cher <\/a><br \/>\n<a href=\"http:\/\/goldsmithjewelers.com\/weddings\/gallery\/archived\/cl.php?p=158\">christian louboutin cheap <\/a><br \/>\n<a href=\"http:\/\/yoberryonline.com\/wp-content\/cache\/meta\/muk.php?p=30\">mulberry handbag <\/a><br \/>\n<a href=\"http:\/\/www.flotsd.com\/wp-content\/gallery\/glass.php?p=22\">ray ban wayfarer sale<\/a><br \/>\n<a href=\"http:\/\/astridbio.com\/wp-content\/gallery\/it.php?p=24\">montature occhiali <\/a><br \/>\n<a href=\"http:\/\/www.studiengang-bwl.de\/assets\/components\/docmanager\/hoc.php?p=23\">hollister outlet <\/a><br \/>\n<a href=\"http:\/\/www.pattyslinenrentals.com\/source\/helpers\/mcm.php?p=42\">mcm purses<\/a><br \/>\n<a href=\"http:\/\/vkventure.co.in\/oldwp\/rayban.php?p=32\">wayfarer ray ban<\/a><br \/>\n<a href=\"http:\/\/www.nikolina.si\/classes\/cl.php?p=76\">chaussures femmes marques<\/a>\n<\/div>\n","protected":false},"excerpt":{"rendered":"<p>A coordenadora estadual do Programa do Leite Maria do Esp\u00edrito Santo concedeu ontem (03) uma entrevista ao vivo a Sucesso FM, onde falou do problema da doa\u00e7\u00e3o indevida do leite&#8230;<\/p>\n","protected":false},"author":2,"featured_media":0,"comment_status":"open","ping_status":"open","sticky":false,"template":"","format":"standard","meta":{"ngg_post_thumbnail":0,"footnotes":""},"categories":[12],"tags":[],"class_list":["post-497","post","type-post","status-publish","format-standard","hentry","category-valenca-news"],"views":301,"meta_data":{"thumb":null,"imagem":null,"data":{"simple":"04\/03\/2009","date_time":"04\/03\/2009 07:56:03","date":"h\u00e1 17 anos"},"chapeu":"","source":""},"_links":{"self":[{"href":"https:\/\/portalv1.com.br\/api\/wp\/v2\/posts\/497","targetHints":{"allow":["GET"]}}],"collection":[{"href":"https:\/\/portalv1.com.br\/api\/wp\/v2\/posts"}],"about":[{"href":"https:\/\/portalv1.com.br\/api\/wp\/v2\/types\/post"}],"author":[{"embeddable":true,"href":"https:\/\/portalv1.com.br\/api\/wp\/v2\/users\/2"}],"replies":[{"embeddable":true,"href":"https:\/\/portalv1.com.br\/api\/wp\/v2\/comments?post=497"}],"version-history":[{"count":0,"href":"https:\/\/portalv1.com.br\/api\/wp\/v2\/posts\/497\/revisions"}],"wp:attachment":[{"href":"https:\/\/portalv1.com.br\/api\/wp\/v2\/media?parent=497"}],"wp:term":[{"taxonomy":"category","embeddable":true,"href":"https:\/\/portalv1.com.br\/api\/wp\/v2\/categories?post=497"},{"taxonomy":"post_tag","embeddable":true,"href":"https:\/\/portalv1.com.br\/api\/wp\/v2\/tags?post=497"}],"curies":[{"name":"wp","href":"https:\/\/api.w.org\/{rel}","templated":true}]}}