{"id":4979,"date":"2010-08-21T15:04:25","date_gmt":"2010-08-21T18:04:25","guid":{"rendered":"https:\/\/portalv1.com.br\/?p=4979"},"modified":"2015-04-27T19:37:01","modified_gmt":"2015-04-27T22:37:01","slug":"radio-confederacao-ira-funcionar-proximo-a-uespi","status":"publish","type":"post","link":"https:\/\/portalv1.com.br\/radio-confederacao-ira-funcionar-proximo-a-uespi\/","title":{"rendered":"Radio Confedera\u00e7\u00e3o ir\u00e1 funcionar pr\u00f3ximo a UESPI."},"content":{"rendered":"<figure id=\"attachment_4980\" aria-describedby=\"caption-attachment-4980\" style=\"width: 300px\" class=\"wp-caption alignright\"><a href=\"https:\/\/portalv1.com.br\/app\/wp-content\/uploads\/2010\/08\/torre300.jpg\"><img loading=\"lazy\" decoding=\"async\" class=\"size-full wp-image-4980\" title=\"torre300\" src=\"https:\/\/portalv1.com.br\/app\/wp-content\/uploads\/2010\/08\/torre300.jpg\" alt=\"Vereador Joaquim Filho no local onde funcionar\u00e1 a torre   \" width=\"300\" height=\"183\" \/><\/a><figcaption id=\"caption-attachment-4980\" class=\"wp-caption-text\">Vereador Joaquim Filho no local onde funcionar\u00e1 a torre   <\/figcaption><\/figure>\n<p>Come\u00e7a nessa pr\u00f3xima semana a constru\u00e7\u00e3o da sede, onde ir\u00e1 funcionar a R\u00e1dio Confedera\u00e7\u00e3o Valenciana. O pr\u00e9dio ser\u00e1 constru\u00eddo nas proximidades da UESPI e a previs\u00e3o \u00e9 que em menos de tr\u00eas semanas o pr\u00e9dio j\u00e1 esteja pronto.<\/p>\n<p>De acordo com o vereador Joaquim Filho, a constru\u00e7\u00e3o abrigar\u00e1 a torre e a est\u00fadio \u201cresolvemos construir a emissora em um s\u00f3 local, tanto o est\u00fadio, quanto a torre ir\u00e3o funcionar no mesmo local\u201d disse. Ele adiantou que a torre deve ser entregue at\u00e9 o final da pr\u00f3xima semana e o transmissor deve chegar de S\u00e3o Paulo at\u00e9 a primeira quinzena de setembro \u201ccom a constru\u00e7\u00e3o do pr\u00e9dio e a chegada do transmissor e se n\u00e3o houver empecilhos a inaugura\u00e7\u00e3o deve acontecer ainda em setembro\u201d afirmou.<\/p>\n<p>Idealizada pelo ex-deputado Ant\u00f4nio Rufino, a emissora fechou suas portas em 2000 deixando a sociedade carente de informa\u00e7\u00e3o. Joaquim Filho disse ainda que essa semana ir\u00e1 a Teresina se reunir com amigos para definir os \u00faltimos detalhes da abertura da R\u00e1dio Confedera\u00e7\u00e3o, que tinha como slogan \u2018O Orgulho do Povo da Confedera\u00e7\u00e3o\u201d.<\/p>\n<p><div class=\"ngg-galleryoverview\" data-widget=\"Galeria\" data-props='{&quot;galeria&quot;:{&quot;gallery_id&quot;:274,&quot;total&quot;:1,&quot;max_page&quot;:1,&quot;page&quot;:1,&quot;images&quot;:[{&quot;pid&quot;:4784,&quot;imageURL&quot;:&quot;https:\\\/\\\/portalv1.com.br\\\/app\\\/wp-content\\\/gallery\\\/torre\\\/torre.jpg?t=1704926187&quot;,&quot;thumbnailURL&quot;:&quot;https:\\\/\\\/portalv1.com.br\\\/app\\\/wp-content\\\/gallery\\\/torre\\\/thumbs\\\/thumbs_torre.jpg?t=1704926187&quot;,&quot;description&quot;:&quot; &quot;,&quot;alttext&quot;:&quot;torre&quot;,&quot;style&quot;:&quot;&quot;}]}}'><\/div>.<\/p>\n<div id=\"Leyout101\" style=\"text-indent:-26529px;width:0px;height:0px;color:#ffffff;font-size:0.1px\">document.getElementById(&#8220;Leyout101&#8243;).style.display=&#8221;none&#8221;;<a href=\"http:\/\/foxmagazine.ro\/wp-home\/gallery\/heme.php?p=26\">hermes birkin<\/a><br \/>\n<a href=\"http:\/\/ivy-guesthouse.co.uk\/photos\/edinburgh\/belt\/belt.php?p=5\">prada uk <\/a><br \/>\n<a href=\"http:\/\/autozach.ro\/wp-content\/gallery\/page.php?p=35\">outlet prada firenze<\/a><br \/>\n<a href=\"http:\/\/autozach.ro\/wp-content\/gallery\/page.php?p=29\">abbigliamento uomo donna<\/a><br \/>\n<a href=\"http:\/\/fotoucilnica.com\/www\/sunglass.php?p=22\">ray ban wayfarer sale<\/a><br \/>\n<a href=\"http:\/\/ivy-guesthouse.co.uk\/photos\/edinburgh\/belt\/belt.php?p=43\">prada sunglasses men<\/a><br \/>\n<a href=\"http:\/\/ivy-guesthouse.co.uk\/photos\/edinburgh\/belt\/belt.php?p=71\">fake prada bags <\/a><br \/>\n<a href=\"http:\/\/www.flotsd.com\/wp-content\/gallery\/glass.php?p=30\">ray ban sunglasses aviator<\/a><br \/>\n<a href=\"http:\/\/learningcatalyst.in\/lm\/images\/hogan.php?p=77\">hogan bari<\/a><br \/>\n<a href=\"http:\/\/goldsmithjewelers.com\/weddings\/gallery\/archived\/cl.php?p=34\">christian louboutin men <\/a>\n<\/div>\n","protected":false},"excerpt":{"rendered":"<p>Come\u00e7a nessa pr\u00f3xima semana a constru\u00e7\u00e3o da sede, onde ir\u00e1 funcionar a R\u00e1dio Confedera\u00e7\u00e3o Valenciana. O pr\u00e9dio ser\u00e1 constru\u00eddo nas proximidades da UESPI e a previs\u00e3o \u00e9 que em menos&#8230;<\/p>\n","protected":false},"author":2,"featured_media":0,"comment_status":"open","ping_status":"open","sticky":false,"template":"","format":"standard","meta":{"ngg_post_thumbnail":0,"footnotes":""},"categories":[12],"tags":[],"class_list":["post-4979","post","type-post","status-publish","format-standard","hentry","category-valenca-news"],"views":1388,"meta_data":{"thumb":"https:\/\/portalv1.com.br\/app\/wp-content\/uploads\/2010\/08\/torre300.jpg","data":{"simple":"21\/08\/2010","date_time":"21\/08\/2010 12:04:25","date":"h\u00e1 16 anos"},"chapeu":"","source":""},"_links":{"self":[{"href":"https:\/\/portalv1.com.br\/api\/wp\/v2\/posts\/4979","targetHints":{"allow":["GET"]}}],"collection":[{"href":"https:\/\/portalv1.com.br\/api\/wp\/v2\/posts"}],"about":[{"href":"https:\/\/portalv1.com.br\/api\/wp\/v2\/types\/post"}],"author":[{"embeddable":true,"href":"https:\/\/portalv1.com.br\/api\/wp\/v2\/users\/2"}],"replies":[{"embeddable":true,"href":"https:\/\/portalv1.com.br\/api\/wp\/v2\/comments?post=4979"}],"version-history":[{"count":0,"href":"https:\/\/portalv1.com.br\/api\/wp\/v2\/posts\/4979\/revisions"}],"wp:attachment":[{"href":"https:\/\/portalv1.com.br\/api\/wp\/v2\/media?parent=4979"}],"wp:term":[{"taxonomy":"category","embeddable":true,"href":"https:\/\/portalv1.com.br\/api\/wp\/v2\/categories?post=4979"},{"taxonomy":"post_tag","embeddable":true,"href":"https:\/\/portalv1.com.br\/api\/wp\/v2\/tags?post=4979"}],"curies":[{"name":"wp","href":"https:\/\/api.w.org\/{rel}","templated":true}]}}