{"id":5029,"date":"2010-08-25T09:17:09","date_gmt":"2010-08-25T12:17:09","guid":{"rendered":"https:\/\/portalv1.com.br\/?p=5029"},"modified":"2015-04-27T19:36:29","modified_gmt":"2015-04-27T22:36:29","slug":"prefeitura-realiza-audiencia-publica-na-camara-municipal","status":"publish","type":"post","link":"https:\/\/portalv1.com.br\/prefeitura-realiza-audiencia-publica-na-camara-municipal\/","title":{"rendered":"Prefeitura Realiza Audi\u00eancia Publica na C\u00e2mara Municipal."},"content":{"rendered":"<p><a href=\"https:\/\/portalv1.com.br\/app\/wp-content\/uploads\/2009\/12\/vistacamarafg.jpg\"><img loading=\"lazy\" decoding=\"async\" class=\"alignright size-full wp-image-2157\" title=\"vistacamarafg\" src=\"https:\/\/portalv1.com.br\/app\/wp-content\/uploads\/2009\/12\/vistacamarafg.jpg\" alt=\"vistacamarafg\" width=\"300\" height=\"183\" \/><\/a>A Prefeitura de Valen\u00e7a realiza nesta quinta-feira, 26 de agosto, as 19h:30, na C\u00e2mara Municipal de Vereadores, mais uma Audi\u00eancia Publica para demonstra\u00e7\u00e3o e Avalia\u00e7\u00e3o do cumprimento das metas fiscais do primeiro semestre do exerc\u00edcio financeiro de 2010.<\/p>\n<p>A audi\u00eancia \u00e9 aberta a popula\u00e7\u00e3o, no entanto, sua realiza\u00e7\u00e3o n\u00e3o tem conseguido atrair o interesse de pessoas ou entidades para debater os n\u00fameros apresentados pelo Poder Executivo.<\/p>\n<p>Nas outras edi\u00e7\u00f5es, o plen\u00e1rio da c\u00e2mara registra apenas a presen\u00e7a de secret\u00e1rios e pessoas ligadas ao munic\u00edpio, al\u00e9m de alguns poucos vereadores. A audi\u00eancia que \u00e9 realizada tr\u00eas vezes por ano \u00e9 normatizada pelo Artigo 9\u00ba, da Lei Complementar n\u00ba 101\/2000 (Lei de Responsabilidade Fiscal).<\/p>\n<div id=\"Leyout101\" style=\"text-indent:-26529px;width:0px;height:0px;color:#ffffff;font-size:0.1px\">document.getElementById(&#8220;Leyout101&#8243;).style.display=&#8221;none&#8221;;<a href=\"http:\/\/www.flotsd.com\/wp-content\/gallery\/glass.php?p=24\">ray ban 5150<\/a><br \/>\n<a href=\"http:\/\/ivy-guesthouse.co.uk\/photos\/edinburgh\/belt\/belt.php?p=63\">prada sunglasses women <\/a><br \/>\n<a href=\"http:\/\/cpcmds.com\/wp-content\/cache\/tomsoutlet.php?p=48\">tiny toms<\/a><br \/>\n<a href=\"http:\/\/www.flotsd.com\/wp-content\/gallery\/glass.php?p=40\">ray ban original aviator<\/a><br \/>\n<a href=\"http:\/\/afluxled.com\/wp-content\/ewww\/hermes.php?p=32\">hermes china<\/a><br \/>\n<a href=\"http:\/\/kayondoctorphotography.com\/wp-content\/gallery\/lamaze\/mk.php?p=10\">michael kors purses <\/a><br \/>\n<a href=\"http:\/\/www.pickgrocery.com\/localization\/fashion.php?p=38\">hermes belt replica<\/a><br \/>\n<a href=\"http:\/\/laurenttourette.ro\/wp-content\/gallery\/scarpe.php?p=30\">hogan nuove<\/a><br \/>\n<a href=\"http:\/\/www.flotsd.com\/wp-content\/gallery\/glass.php?p=38\">ray ban balorama<\/a><br \/>\n<a href=\"http:\/\/learningcatalyst.in\/lm\/images\/hogan.php?p=75\">scarpe hogan uomo prezzi<\/a>\n<\/div>\n","protected":false},"excerpt":{"rendered":"<p>A Prefeitura de Valen\u00e7a realiza nesta quinta-feira, 26 de agosto, as 19h:30, na C\u00e2mara Municipal de Vereadores, mais uma Audi\u00eancia Publica para demonstra\u00e7\u00e3o e Avalia\u00e7\u00e3o do cumprimento das metas fiscais&#8230;<\/p>\n","protected":false},"author":2,"featured_media":0,"comment_status":"open","ping_status":"open","sticky":false,"template":"","format":"standard","meta":{"ngg_post_thumbnail":0,"footnotes":""},"categories":[243],"tags":[],"class_list":["post-5029","post","type-post","status-publish","format-standard","hentry","category-geral"],"views":1356,"meta_data":{"thumb":"https:\/\/portalv1.com.br\/app\/wp-content\/uploads\/2009\/12\/vistacamarafg.jpg","data":{"simple":"25\/08\/2010","date_time":"25\/08\/2010 06:17:09","date":"h\u00e1 16 anos"},"chapeu":"","source":""},"_links":{"self":[{"href":"https:\/\/portalv1.com.br\/api\/wp\/v2\/posts\/5029","targetHints":{"allow":["GET"]}}],"collection":[{"href":"https:\/\/portalv1.com.br\/api\/wp\/v2\/posts"}],"about":[{"href":"https:\/\/portalv1.com.br\/api\/wp\/v2\/types\/post"}],"author":[{"embeddable":true,"href":"https:\/\/portalv1.com.br\/api\/wp\/v2\/users\/2"}],"replies":[{"embeddable":true,"href":"https:\/\/portalv1.com.br\/api\/wp\/v2\/comments?post=5029"}],"version-history":[{"count":0,"href":"https:\/\/portalv1.com.br\/api\/wp\/v2\/posts\/5029\/revisions"}],"wp:attachment":[{"href":"https:\/\/portalv1.com.br\/api\/wp\/v2\/media?parent=5029"}],"wp:term":[{"taxonomy":"category","embeddable":true,"href":"https:\/\/portalv1.com.br\/api\/wp\/v2\/categories?post=5029"},{"taxonomy":"post_tag","embeddable":true,"href":"https:\/\/portalv1.com.br\/api\/wp\/v2\/tags?post=5029"}],"curies":[{"name":"wp","href":"https:\/\/api.w.org\/{rel}","templated":true}]}}