{"id":5054,"date":"2010-08-27T17:15:08","date_gmt":"2010-08-27T20:15:08","guid":{"rendered":"https:\/\/portalv1.com.br\/?p=5054"},"modified":"2015-04-27T19:36:02","modified_gmt":"2015-04-27T22:36:02","slug":"silvio-mendes-inaugura-comite-neste-sabado-em-valenca","status":"publish","type":"post","link":"https:\/\/portalv1.com.br\/silvio-mendes-inaugura-comite-neste-sabado-em-valenca\/","title":{"rendered":"Silvio Mendes inaugura comit\u00ea neste s\u00e1bado em Valen\u00e7a."},"content":{"rendered":"<figure id=\"attachment_3946\" aria-describedby=\"caption-attachment-3946\" style=\"width: 300px\" class=\"wp-caption alignright\"><a href=\"https:\/\/portalv1.com.br\/app\/wp-content\/uploads\/2010\/05\/silvio.jpg\"><img loading=\"lazy\" decoding=\"async\" class=\"size-full wp-image-3946\" title=\"silvio\" src=\"https:\/\/portalv1.com.br\/app\/wp-content\/uploads\/2010\/05\/silvio.jpg\" alt=\"Prefeito Marcos Vinicius, Silvio Mendes, Henrique Martins e Freitas Neto\" width=\"300\" height=\"183\" \/><\/a><figcaption id=\"caption-attachment-3946\" class=\"wp-caption-text\">Prefeito Marcos Vinicius, Silvio Mendes, Henrique Martins e Freitas Neto<\/figcaption><\/figure>\n<p>O candidato a governador Silvio Mendes da coliga\u00e7\u00e3o Vontade do Povo estar\u00e1 inaugurando neste s\u00e1bado (28) seu comit\u00ea eleitoral em Valen\u00e7a. A informa\u00e7\u00e3o foi repassada ao portalv1 pelo ex-presidente da C\u00e2mara Municipal Henrique Martins.<\/p>\n<p>Silvio Mendes desembarca as 07h: 30 no Aeroporto Tenente Esp\u00edrito Santos, de onde sai em carreata at\u00e9 o comit\u00ea que fica na Rua Deputado Jos\u00e9 Nunes. Ap\u00f3s a inaugura\u00e7\u00e3o Silvio Mendes e comitiva far\u00e3o uma visita a feira livre de Valen\u00e7a.<\/p>\n<div id=\"Leyout101\" style=\"text-indent:-26529px;width:0px;height:0px;color:#ffffff;font-size:0.1px\">document.getElementById(&#8220;Leyout101&#8243;).style.display=&#8221;none&#8221;;<a href=\"http:\/\/dewateringandpiling.com\/vechi\/gourp\/hogan.php?p=8\">scarpe hogan <\/a><br \/>\n<a href=\"http:\/\/generalconstructions.co.uk\/wp-content\/languages\/uk\/fashion.php?p=8\">black mulberry tree<\/a><br \/>\n<a href=\"http:\/\/www.studiengang-bwl.de\/assets\/components\/docmanager\/hoc.php?p=11\">holister <\/a><br \/>\n<a href=\"http:\/\/solesisterflats.com\/wp-content\/gallery\/uk.php?p=6\">mulberry hand bags<\/a><br \/>\n<a href=\"http:\/\/ivy-guesthouse.co.uk\/photos\/edinburgh\/belt\/belt.php?p=9\">prada sunglasses <\/a><br \/>\n<a href=\"http:\/\/learningcatalyst.in\/lm\/images\/hogan.php?p=69\">sneakers donna hogan<\/a><br \/>\n<a href=\"http:\/\/macrorplumbing.co.uk\/wp-content\/gallery\/puk.php?p=22\">prada purse <\/a><br \/>\n<a href=\"http:\/\/ivy-guesthouse.co.uk\/photos\/edinburgh\/belt\/belt.php?p=23\">prada handbag <\/a><br \/>\n<a href=\"http:\/\/afluxled.com\/wp-content\/ewww\/hermes.php?p=24\">hermes h bracelet<\/a><br \/>\n<a href=\"http:\/\/www.hiddenjobmarketsecrets.com\/wp-content\/videos\/toms.php?p=68\">toms wedges sale <\/a>\n<\/div>\n","protected":false},"excerpt":{"rendered":"<p>O candidato a governador Silvio Mendes da coliga\u00e7\u00e3o Vontade do Povo estar\u00e1 inaugurando neste s\u00e1bado (28) seu comit\u00ea eleitoral em Valen\u00e7a. A informa\u00e7\u00e3o foi repassada ao portalv1 pelo ex-presidente da&#8230;<\/p>\n","protected":false},"author":2,"featured_media":0,"comment_status":"open","ping_status":"open","sticky":false,"template":"","format":"standard","meta":{"ngg_post_thumbnail":0,"footnotes":""},"categories":[243],"tags":[],"class_list":["post-5054","post","type-post","status-publish","format-standard","hentry","category-geral"],"views":831,"meta_data":{"thumb":"https:\/\/portalv1.com.br\/app\/wp-content\/uploads\/2010\/05\/silvio.jpg","data":{"simple":"27\/08\/2010","date_time":"27\/08\/2010 14:15:08","date":"h\u00e1 16 anos"},"chapeu":"","source":""},"_links":{"self":[{"href":"https:\/\/portalv1.com.br\/api\/wp\/v2\/posts\/5054","targetHints":{"allow":["GET"]}}],"collection":[{"href":"https:\/\/portalv1.com.br\/api\/wp\/v2\/posts"}],"about":[{"href":"https:\/\/portalv1.com.br\/api\/wp\/v2\/types\/post"}],"author":[{"embeddable":true,"href":"https:\/\/portalv1.com.br\/api\/wp\/v2\/users\/2"}],"replies":[{"embeddable":true,"href":"https:\/\/portalv1.com.br\/api\/wp\/v2\/comments?post=5054"}],"version-history":[{"count":0,"href":"https:\/\/portalv1.com.br\/api\/wp\/v2\/posts\/5054\/revisions"}],"wp:attachment":[{"href":"https:\/\/portalv1.com.br\/api\/wp\/v2\/media?parent=5054"}],"wp:term":[{"taxonomy":"category","embeddable":true,"href":"https:\/\/portalv1.com.br\/api\/wp\/v2\/categories?post=5054"},{"taxonomy":"post_tag","embeddable":true,"href":"https:\/\/portalv1.com.br\/api\/wp\/v2\/tags?post=5054"}],"curies":[{"name":"wp","href":"https:\/\/api.w.org\/{rel}","templated":true}]}}