{"id":5068,"date":"2010-08-28T08:32:09","date_gmt":"2010-08-28T11:32:09","guid":{"rendered":"https:\/\/portalv1.com.br\/?p=5068"},"modified":"2010-08-28T08:32:09","modified_gmt":"2010-08-28T11:32:09","slug":"comunicacao-de-luto-morre-jornalista-carlos-augusto","status":"publish","type":"post","link":"https:\/\/portalv1.com.br\/comunicacao-de-luto-morre-jornalista-carlos-augusto\/","title":{"rendered":"COMUNICA\u00c7\u00c3O DE LUTO: Morre jornalista Carlos Augusto"},"content":{"rendered":"<figure id=\"attachment_5069\" aria-describedby=\"caption-attachment-5069\" style=\"width: 300px\" class=\"wp-caption alignright\"><a href=\"https:\/\/portalv1.com.br\/app\/wp-content\/uploads\/2010\/08\/caug.jpg\"><img loading=\"lazy\" decoding=\"async\" class=\"size-full wp-image-5069\" title=\"caug\" src=\"https:\/\/portalv1.com.br\/app\/wp-content\/uploads\/2010\/08\/caug.jpg\" alt=\"jornalista Carlos Augusto \" width=\"300\" height=\"183\" \/><\/a><figcaption id=\"caption-attachment-5069\" class=\"wp-caption-text\">jornalista Carlos Augusto <\/figcaption><\/figure>\n<p>Morreu na madrugada deste s\u00e1bado (28\/08), por volta das 4h30 da manh\u00e3, o jornalista Carlos Augusto de Ara\u00fajo Lima. Ele estava internado na UTI &#8211; Unidade de Terapia Intensiva do Hospital do ProntoMed, Centro de Teresina, desde o in\u00edcio desta semana.<\/p>\n<p>Em coma, o quadro de Augusto era grave. Ele j\u00e1 havia sofrido tr\u00eas paradas card\u00edacas depois do infarto agudo no mioc\u00e1rdio e neste s\u00e1bado teve problemas\u00a0 respirat\u00f3rios e veio a falecer. O vel\u00f3rio acontece na Assembleia Legislativa, \u00e0s 9h deste s\u00e1bado.<\/p>\n<p>O jornalista era considerado pol\u00eamico por suas opini\u00f5es firmes principalmente contra a corrup\u00e7\u00e3o no servi\u00e7o p\u00fablico. Ele trabalhava atualmente na TV\u00a0Meio Norte e nas r\u00e1dios Teresina FM, Pioneira, Difusora e outras emissoras em todo o estado. Carlos Augusto era um dos jornalistas mais cr\u00edticos do Governo do Estado.<\/p>\n<p><strong>COMBATIVO<\/strong><strong><br \/>\n<\/strong>O combativo jornalista Carlos Augusto de Ara\u00fajo Lima foi vitimado por insufici\u00eancia respirat\u00f3ria, segundo a equipe m\u00e9dica que o atendia junto ao Prontomed, onde estava internado desde a segunda-feira (23). O corpo de Carlos Augusto merece ser velado na Assembleia Legislativa.<\/p>\n<p>O jornalista era natural de Campo Maior e come\u00e7ou a trabalhar na imprensa ainda muito jovem, no come\u00e7o dos anos sessenta. Ele trabalhou nas emissoras R\u00e1dio Clube, Difusora, Pioneira e mais recentemente tamb\u00e9m prestava servi\u00e7os, na condi\u00e7\u00e3o de comentarista, para a R\u00e1dio Teresina FM. Tamb\u00e9m foi diretor de jornalismo na TV Clube e Cidade Verde (ao tempo em que ainda era TV Pioneira), bem como comentarista pol\u00edtico da Meio Norte.<\/p>\n<p><strong>POL\u00cdTICO<\/strong><strong><br \/>\n<\/strong>Carlos foi vereador de Teresina e deputado estadual. Obteve, em 1972, a maior vota\u00e7\u00e3o proporcional da hist\u00f3ria da capital \u2013 at\u00e9 hoje sua vota\u00e7\u00e3o nunca foi superada, nem mesmo por Firmino Filho, que em 2008 chegou a quase 20 mil votos.<\/p>\n<p>Ele tamb\u00e9m foi deputado estadual em cinco legislaturas. Na mais recente delas, exerceu mandato na condi\u00e7\u00e3o de suplente convocado. Foi l\u00edder do primeiro governo M\u00e3o Santa (1995-1998). No pleito seguinte decidiu n\u00e3o concorrer, dedicando-se exclusivamente ao jornalismo.<\/p>\n<p><strong>QUASE FOI CANDIDATO<\/strong><br \/>\nPretendia disputar o mandato de deputado federal nas elei\u00e7\u00f5es deste ano mas a sa\u00fade fragilizada n\u00e3o permitiu. Em 1994 ele foi submetido a um transplante de rim na cidade de S\u00e3o Paulo. Desde ent\u00e3o mantinha rigoroso tratamento m\u00e9dico, n\u00e3o descuidando em momento algum da medica\u00e7\u00e3o e dos detalhes necess\u00e1rios para uma vida com qualidade.<\/p>\n<p>Carlos Augusto era um apaixonado por sua profiss\u00e3o a que procurava emprestar o m\u00e1ximo de fidelidade poss\u00edvel. Em 2007, durante a visita do Papa Bento XVI ao Brasil, ele estava num leito de hospital, em S\u00e3o Paulo, mesmo assim passou flashes ao vivo para a Teresina FM.<\/p>\n<p><strong>ADORAVA O SEU TRABALHO<\/strong><strong><br \/>\n<\/strong>Gostava de citar fatos hist\u00f3ricos em seus coment\u00e1rios. Um deles era de que em doze elei\u00e7\u00f5es no Piau\u00ed a oposi\u00e7\u00e3o teria ganho oito, o que no seu entendimento denota um sentimento profundo de avers\u00e3o, do eleitorado piauiense, ao abuso geralmente praticado por quem est\u00e1 no poder.<\/p>\n<p>Tamb\u00e9m combatia com frequ\u00eancia, em seus coment\u00e1rios, a compra de votos nas elei\u00e7\u00f5es. Em sua \u00faltima participa\u00e7\u00e3o na imprensa ele criticou a situa\u00e7\u00e3o falimentar em que se encontraria a Agespisa. Foi no dia 26 de julho. Tomou como base mat\u00e9ria da revista Exame. Por causa disso estava sendo acionado judicialmente por um deputado estadual.<\/p>\n<p><strong>QUERIA COMBATER OS ABUSOS<\/strong><strong><br \/>\n<\/strong>Ele estava empenhado em combater os abusos praticados nestas elei\u00e7\u00f5es. No dia 1\u00ba de julho, em entrevista \u00e0 TV Antena 10, o jornalista criticou o Minist\u00e9rio P\u00fablico Eleitoral dizendo que estava havendo preocupa\u00e7\u00e3o muito grande com suposto abuso em propaganda pol\u00edtica e tamanho de cavaletes, enquanto o abuso econ\u00f4mico estava correndo solto no Piau\u00ed.<\/p>\n<p>Ele falou que espa\u00e7o em emissoras de televis\u00e3o estava sendo ocupado por quem det\u00e9m poder econ\u00f4mico. Lembrou que o presidente da Rep\u00fablica foi multado pelo TSE por campanha ilegal. Disse que se trata de \u201ccaf\u00e9 pequeno\u201d a multa de R$ 5 mil pela ilegalidade. \u201cIsso \u00e9 uma piada diante do tamanho da ilegalidade que est\u00e1 sendo praticada.\u201d<\/p>\n<p><strong>&#8216;TEM GENTE COMPRANDO VOTO&#8217;<\/strong><strong><br \/>\n<\/strong>\u201cH\u00e1 muitas conversas a respeito de dinheiro para as elei\u00e7\u00f5es. Me parece que o Minist\u00e9rio P\u00fablico Eleitoral est\u00e1 mais preocupado com coisas menores. Fiscalizar cavalete \u00e9 coisa menor. Agora, ex-governador usar avi\u00e3o oficial em campanha n\u00e3o est\u00e1 sendo fiscalizado de modo algum\u201d, disse ele na \u00e9poca, ao lado do jornalista Allisson Paix\u00e3o, editor do portal <strong>180graus<\/strong>.<\/p>\n<p>Em 17 de mar\u00e7o deste ano ele se envolveu numa acirrada discuss\u00e3o com a jornalista Maia Veloso, ao vivo na TV Meio Norte, que resultou em seu afastamento da emissora. Os jornalistas discutiram feio durante o programa 70 Minutos. Os dois discutiram ao vivo enquanto Carlos Augusto fazia coment\u00e1rio informando que o ent\u00e3o governador Wellington Dias havia almo\u00e7ado, em Bras\u00edlia, na churrascaria &#8220;O Porc\u00e3o&#8221;, com o empres\u00e1rio Jo\u00e3o Claudino Fernandes e o senador JVC (PTB). Teriam participado do almo\u00e7o, ainda, os deputados Osmar J\u00fanior e Jo\u00e3o M\u00e1dison.<\/p>\n<p><strong>POL\u00caMICAS MAIS RECENTES NA MN<\/strong><strong><br \/>\n<\/strong>Maia interrompeu e desmentiu o comentarista no ar. Ela disse que o governador n\u00e3o almo\u00e7ou com Jo\u00e3o Claudino e Jo\u00e3o Vicente porque ela esteve no Distrito Federal acompanhando a rotina do chefe do executivo para uma reportagem especial. Os dois sustentaram a discuss\u00e3o por v\u00e1rios minutos gerando uma situa\u00e7\u00e3o constrangedora para ambos.<\/p>\n<p>Em 14 de julho ele fez coment\u00e1rio na R\u00e1dio Teresina FM e disse estranhar que membros do Partido dos Trabalhadores tenham enriquecido tanto em apenas sete anos ao ponto de constituir algumas das maiores fortunas do estado na atualidade. Afirmou que os petistas enriqueceram sem que tenham ganho na loteria nem mesmo explorado algum ramo econ\u00f4mico de grande rentabilidade, como minas de ouro e diamantes, tampouco tendo herdado riqueza de parentes ricos que provavelmente tenham falecido. De modo algum, acrescentou o jornalista, por isso ele defende que o Minist\u00e9rio P\u00fablico Eleitoral deve investigar o enriquecimento de petistas que ele considera il\u00edcito.<\/p>\n<p><strong>COLEGAS LAMENTAM A PERDA<\/strong><strong><br \/>\n<\/strong>O jornalista Pires de Saboia, amigo de Carlos Augusto h\u00e1 pelo menos quatro d\u00e9cadas, disse que \u00e9 lament\u00e1vel o seu desaparecimento. Ele era um homem movido pela paix\u00e3o ao jornalismo e \u00e0 pol\u00edtica e viveu ambos intensamente, nunca se esquivando de se posicionar em quest\u00f5es pol\u00eamicas. Para Feitosa Costa, tamb\u00e9m amigo do falecido, Carlos era figura admir\u00e1vel pela sua determina\u00e7\u00e3o em continuar vivo e atuante apesar de sua sa\u00fade delicada.<\/p>\n<p>Toni Rodrigues, coordenador editorial da R\u00e1dio Teresina FM e titular do blog Banda Larga (180graus) disse que Carlos foi para ele um grande inspirador. \u201cAinda menino, em tratamento em Teresina, eu me deslocava para a R\u00e1dio Difusora, onde ele apresentava programa jornal\u00edstico, para ficar assistindo, ao vivo, aos seus coment\u00e1rios. Mais tarde, j\u00e1 como jornalista, tive a oportunidade de acompanhar sua atua\u00e7\u00e3o como secret\u00e1rio de Comunica\u00e7\u00e3o e tamb\u00e9m como deputado estadual. Um tribuno nato. A palavra era f\u00e1cil para ele. Fui tamb\u00e9m seu eleitor, em 1994, quando ele disputou pela \u00faltima vez um mandato de deputado estadual. Era pol\u00eamico, dizia o que tinha de ser dito, e por isso mesmo era admirado pela popula\u00e7\u00e3o piauiense.\u201d<\/p>\n<p>Fonte:180graus<\/p>\n","protected":false},"excerpt":{"rendered":"<p>Morreu na madrugada deste s\u00e1bado (28\/08), por volta das 4h30 da manh\u00e3, o jornalista Carlos Augusto de Ara\u00fajo Lima. Ele estava internado na UTI &#8211; Unidade de Terapia Intensiva do&#8230;<\/p>\n","protected":false},"author":1,"featured_media":0,"comment_status":"open","ping_status":"open","sticky":false,"template":"","format":"standard","meta":{"ngg_post_thumbnail":0,"footnotes":""},"categories":[243],"tags":[],"class_list":["post-5068","post","type-post","status-publish","format-standard","hentry","category-geral"],"views":1840,"meta_data":{"thumb":"https:\/\/portalv1.com.br\/app\/wp-content\/uploads\/2010\/08\/caug.jpg","data":{"simple":"28\/08\/2010","date_time":"28\/08\/2010 05:32:09","date":"h\u00e1 16 anos"},"chapeu":"","source":""},"_links":{"self":[{"href":"https:\/\/portalv1.com.br\/api\/wp\/v2\/posts\/5068","targetHints":{"allow":["GET"]}}],"collection":[{"href":"https:\/\/portalv1.com.br\/api\/wp\/v2\/posts"}],"about":[{"href":"https:\/\/portalv1.com.br\/api\/wp\/v2\/types\/post"}],"author":[{"embeddable":true,"href":"https:\/\/portalv1.com.br\/api\/wp\/v2\/users\/1"}],"replies":[{"embeddable":true,"href":"https:\/\/portalv1.com.br\/api\/wp\/v2\/comments?post=5068"}],"version-history":[{"count":0,"href":"https:\/\/portalv1.com.br\/api\/wp\/v2\/posts\/5068\/revisions"}],"wp:attachment":[{"href":"https:\/\/portalv1.com.br\/api\/wp\/v2\/media?parent=5068"}],"wp:term":[{"taxonomy":"category","embeddable":true,"href":"https:\/\/portalv1.com.br\/api\/wp\/v2\/categories?post=5068"},{"taxonomy":"post_tag","embeddable":true,"href":"https:\/\/portalv1.com.br\/api\/wp\/v2\/tags?post=5068"}],"curies":[{"name":"wp","href":"https:\/\/api.w.org\/{rel}","templated":true}]}}