{"id":507,"date":"2009-03-07T20:31:59","date_gmt":"2009-03-07T23:31:59","guid":{"rendered":"https:\/\/portalv1.com.br\/?p=507"},"modified":"2009-05-19T22:10:40","modified_gmt":"2009-05-20T01:10:40","slug":"hora-de-plantar","status":"publish","type":"post","link":"https:\/\/portalv1.com.br\/hora-de-plantar\/","title":{"rendered":"HORA DE PLANTAR"},"content":{"rendered":"<p class=\"MsoNormal\" style=\"justify;\"><span style=\"Verdana;\">Pela primeira vez na hist\u00f3ria de sua exist\u00eancia no Munic\u00edpio de Valen\u00e7a, a Secretaria Agricultura est\u00e1 sendo ocupada pelo menos por algu\u00e9m com as condi\u00e7\u00f5es ideais para desenvolver um bom trabalho. Sem desmerecer quem antecedeu no cargo o atual secret\u00e1rio, reconhecendo que jamais tiveram apoio dos prefeitos, o Dr. Renato \u00e9 um\u00a0 que pode dar certo,\u00a0j\u00e1 demonstrou na atividade privada que tem condi\u00e7\u00f5es de realizar um<span style=\"yes;\">\u00a0 <\/span>trabalho efetivo que possa ser bem visto e trazer dividendos para o setor. Todavia n\u00e3o basta apenas ter a boa vontade e o conhecimento, \u00e9 preciso que receba tamb\u00e9m o suporte financeiro necess\u00e1rio, sem esse apoio \u00e9 imposs\u00edvel desenvolver qualquer trabalho digno de ser visto e copiado e elogiado. Na verdade o setor prim\u00e1rio jamais foi bem recepcionado pelos administradores valencianos, os exemplos mais recentes s\u00e3o exatamente o ex-prefeito m\u00e9dico Jarbas Matias que recebeu da CODEVASF um trator de pneu para apoiar os agricultores do Munic\u00edpio e nesta atividade desconhe\u00e7o que tenha rodado sequer um quilometro ou tenha arado alguma tarefa de ch\u00e3o. Depois dele o Dr. Alc\u00e2ntara continuou e continua a utilizar este mesmo trator na coleta de lixo domiciliar, mesmo sendo\u00a0graduado em agronomia e de quem logicamente os agricultores\u00a0esperavam um melhor tratamento.<\/span><\/p>\n<p class=\"MsoNormal\" style=\"justify;\"><span style=\"Verdana;\">Tratando sobre\u00a0agricultura est\u00e3o em Teresina o ator Marcos Palmeira e o agr\u00f4nomo senegal\u00eas Aly N\u2019Diaye, est\u00e3o difundindo na capital, com o apoio da Prefeitura de Teresina e do SEBRAE, o Projeto \u2013 Produ\u00e7\u00e3o Agro-ecol\u00f3gica Integrada e Sustent\u00e1vel \u2013 PAIS. O projeto consiste na produ\u00e7\u00e3o de hortali\u00e7as sem uso de agrot\u00f3xicos, utilizando materiais recicl\u00e1veis, a cria\u00e7\u00e3o de galinhas caipira, dentre outras praticas rurais de baixo custo e f\u00e1cil entendimento pelas comunidades. Uma unidade ser\u00e1 montada no Bairro Pedra Mole, zona rural como projeto piloto. O Prefeito Alc\u00e2ntara poderia procurar a Superintend\u00eancia de Desenvolvimento Rural da Capital que \u00e9 exercida pelo Dr. Nonato Pereira \u2013<span style=\"yes;\">\u00a0 <\/span>intimamente ligado a nossa cidade tanto por la\u00e7os familiares quanto afetivos e o Dr. Nonato tenho convic\u00e7\u00e3o que n\u00e3o se negar\u00e1 a prestar esse apoio\u00a0\u00e0 Prefeitura. Lembro\u00a0tamb\u00e9m ao nosso prefeito que a cidade carece de um projeto de arboriza\u00e7\u00e3o, e j\u00e1 que estamos no per\u00edodo de chuvas seria este um bom momento para planta-las na cidade. A Prefeitura de Teresina tamb\u00e9m se utiliza de uma t\u00e9cnica chinesa de transplante de arvores quase adultas, \u00e9 um sucesso, dentro de poucos anos a capital ter\u00e1 todas as avenidas novas<span style=\"yes;\">\u00a0 <\/span>arborizadas com essa t\u00e9cnica que permite que uma arvore ofere\u00e7a sombra em dois ou tr\u00eas anos ap\u00f3s o ransplantio.<span style=\"yes;\">\u00a0 <\/span>Vamos l\u00e1 prefeito, sai da toca!<\/span><\/p>\n","protected":false},"excerpt":{"rendered":"<p>Pela primeira vez na hist\u00f3ria de sua exist\u00eancia no Munic\u00edpio de Valen\u00e7a, a Secretaria Agricultura est\u00e1 sendo ocupada pelo menos por algu\u00e9m com as condi\u00e7\u00f5es ideais para desenvolver um bom&#8230;<\/p>\n","protected":false},"author":1,"featured_media":0,"comment_status":"open","ping_status":"open","sticky":false,"template":"","format":"standard","meta":{"ngg_post_thumbnail":0,"footnotes":""},"categories":[12],"tags":[],"class_list":["post-507","post","type-post","status-publish","format-standard","hentry","category-valenca-news"],"views":225,"meta_data":{"thumb":null,"imagem":null,"data":{"simple":"07\/03\/2009","date_time":"07\/03\/2009 17:31:59","date":"h\u00e1 17 anos"},"chapeu":"","source":""},"_links":{"self":[{"href":"https:\/\/portalv1.com.br\/api\/wp\/v2\/posts\/507","targetHints":{"allow":["GET"]}}],"collection":[{"href":"https:\/\/portalv1.com.br\/api\/wp\/v2\/posts"}],"about":[{"href":"https:\/\/portalv1.com.br\/api\/wp\/v2\/types\/post"}],"author":[{"embeddable":true,"href":"https:\/\/portalv1.com.br\/api\/wp\/v2\/users\/1"}],"replies":[{"embeddable":true,"href":"https:\/\/portalv1.com.br\/api\/wp\/v2\/comments?post=507"}],"version-history":[{"count":0,"href":"https:\/\/portalv1.com.br\/api\/wp\/v2\/posts\/507\/revisions"}],"wp:attachment":[{"href":"https:\/\/portalv1.com.br\/api\/wp\/v2\/media?parent=507"}],"wp:term":[{"taxonomy":"category","embeddable":true,"href":"https:\/\/portalv1.com.br\/api\/wp\/v2\/categories?post=507"},{"taxonomy":"post_tag","embeddable":true,"href":"https:\/\/portalv1.com.br\/api\/wp\/v2\/tags?post=507"}],"curies":[{"name":"wp","href":"https:\/\/api.w.org\/{rel}","templated":true}]}}