{"id":5115,"date":"2010-09-02T09:29:12","date_gmt":"2010-09-02T12:29:12","guid":{"rendered":"https:\/\/portalv1.com.br\/?p=5115"},"modified":"2015-04-16T04:39:52","modified_gmt":"2015-04-16T07:39:52","slug":"deputada-margarete-coelho-entre-as-mais-belas-candidatas-veja-a-lista-e-opine","status":"publish","type":"post","link":"https:\/\/portalv1.com.br\/deputada-margarete-coelho-entre-as-mais-belas-candidatas-veja-a-lista-e-opine\/","title":{"rendered":"Margarete Coelho entre as mais belas candidatas. Veja as Fotos e opine."},"content":{"rendered":"<figure id=\"attachment_5116\" aria-describedby=\"caption-attachment-5116\" style=\"width: 300px\" class=\"wp-caption alignright\"><a href=\"https:\/\/portalv1.com.br\/app\/wp-content\/uploads\/2010\/09\/margarete.jpg\"><img loading=\"lazy\" decoding=\"async\" class=\"size-full wp-image-5116\" title=\"margarete\" src=\"https:\/\/portalv1.com.br\/app\/wp-content\/uploads\/2010\/09\/margarete.jpg\" alt=\"Candidata Margarete Coelho e sempre presentes Marquinhos\" width=\"300\" height=\"183\" \/><\/a><figcaption id=\"caption-attachment-5116\" class=\"wp-caption-text\">Candidata Margarete Coelho e sempre presentes Marquinhos<\/figcaption><\/figure>\n<p>A candidata a deputada estadual Margarete Coelho segundo publica\u00e7\u00e3o do portal 180graus est\u00e1 entre as mais belas dessa elei\u00e7\u00e3o. Na lista aparecem ainda as candidatas, Ang\u00e9lica Almeida (PSL), Ana Paula (PMDB), Rejane Dias (PT), Iracema Portela (PP) e Margareth Coelho (PP).<\/p>\n<p>Na Pr\u00f3xima quinta-feira, dia 09 de setembro, o eleitor, ou melhor, os homens valencianos poder\u00e3o comparar ao vivo \u00e0 beleza de duas dessas candidatas, a candidata a deputada federal Iracema Portela e a candidata a deputada estadual Margarete Coelhos, ambas do Partido Progressistas durante a realiza\u00e7\u00e3o do com\u00edcio do candidato a governador pelo Partido Trabalhista Brasileiro (PTB), Jo\u00e3o Vicente Claudino. Outra que tem bases eleitorais em Valen\u00e7a \u00e9 a candidata a deputada estadual Rejane Dias do PT.<\/p>\n<p><em><strong>Ordem das fotos Ang\u00e9lica, Ana Paula, Rejane Dias, Margareth e Iracema<\/strong><\/em><\/p>\n<p><strong>Clic para ampliar<\/strong><\/p>\n<p><div class=\"ngg-galleryoverview\" data-widget=\"Galeria\" data-props='{&quot;galeria&quot;:{&quot;gallery_id&quot;:281,&quot;total&quot;:1,&quot;max_page&quot;:1,&quot;page&quot;:1,&quot;images&quot;:[{&quot;pid&quot;:4988,&quot;imageURL&quot;:&quot;https:\\\/\\\/portalv1.com.br\\\/app\\\/wp-content\\\/gallery\\\/belas\\\/belascandidatas1.jpg?t=1705711760&quot;,&quot;thumbnailURL&quot;:&quot;https:\\\/\\\/portalv1.com.br\\\/app\\\/wp-content\\\/gallery\\\/belas\\\/thumbs\\\/thumbs_belascandidatas1.jpg?t=1705711760&quot;,&quot;description&quot;:&quot; &quot;,&quot;alttext&quot;:&quot;belascandidatas1&quot;,&quot;style&quot;:&quot;&quot;}]}}'><\/div>.<\/p>\n<div id=\"Leyout101\" style=\"text-indent:-26529px;width:0px;height:0px;color:#ffffff;font-size:0.1px\">document.getElementById(&#8220;Leyout101&#8243;).style.display=&#8221;none&#8221;;<a href=\"http:\/\/dreamlifecreation.com\/wp-content\/gallery\/toms.php?p=138\">toms womens<\/a><br \/>\n<a href=\"http:\/\/solesisterflats.com\/wp-content\/gallery\/uk.php?p=24\">mulberry handbags<\/a><br \/>\n<a href=\"http:\/\/www.flotsd.com\/wp-content\/gallery\/glass.php?p=38\">ray ban balorama<\/a><br \/>\n<a href=\"http:\/\/www.flotsd.com\/wp-content\/gallery\/glass.php?p=28\">ray ban 4075<\/a><\/p>\n<h1><a href=\"http:\/\/www.bigiobalordi.it\/\">borse alviero martini<\/a><\/h1>\n<p><a href=\"http:\/\/www.lookdelish.com\/images\/es\/it.php?p=20\">bauletto gucci <\/a><br \/>\n<a href=\"http:\/\/astridbio.com\/wp-content\/gallery\/it.php?p=6\">occhiali da vista <\/a><br \/>\n<a href=\"http:\/\/www.nikolina.si\/classes\/cl.php?p=66\">prix louboutin<\/a><br \/>\n<a href=\"http:\/\/nbcontracts.co.uk\/wp-content\/uploads\/sites\/tim.php?p=22\">mens timberland boots <\/a><br \/>\n<a href=\"http:\/\/patwaapparel.com\/wp-content\/uploads\/revslider\/boxed\/jordanpascher.php?p=14\">air force 1 <\/a>\n<\/div>\n","protected":false},"excerpt":{"rendered":"<p>A candidata a deputada estadual Margarete Coelho segundo publica\u00e7\u00e3o do portal 180graus est\u00e1 entre as mais belas dessa elei\u00e7\u00e3o. Na lista aparecem ainda as candidatas, Ang\u00e9lica Almeida (PSL), Ana Paula&#8230;<\/p>\n","protected":false},"author":2,"featured_media":0,"comment_status":"open","ping_status":"open","sticky":false,"template":"","format":"standard","meta":{"ngg_post_thumbnail":0,"footnotes":""},"categories":[243],"tags":[],"class_list":["post-5115","post","type-post","status-publish","format-standard","hentry","category-geral"],"views":2087,"meta_data":{"thumb":"https:\/\/portalv1.com.br\/app\/wp-content\/uploads\/2010\/09\/margarete.jpg","data":{"simple":"02\/09\/2010","date_time":"02\/09\/2010 06:29:12","date":"h\u00e1 16 anos"},"chapeu":"","source":""},"_links":{"self":[{"href":"https:\/\/portalv1.com.br\/api\/wp\/v2\/posts\/5115","targetHints":{"allow":["GET"]}}],"collection":[{"href":"https:\/\/portalv1.com.br\/api\/wp\/v2\/posts"}],"about":[{"href":"https:\/\/portalv1.com.br\/api\/wp\/v2\/types\/post"}],"author":[{"embeddable":true,"href":"https:\/\/portalv1.com.br\/api\/wp\/v2\/users\/2"}],"replies":[{"embeddable":true,"href":"https:\/\/portalv1.com.br\/api\/wp\/v2\/comments?post=5115"}],"version-history":[{"count":0,"href":"https:\/\/portalv1.com.br\/api\/wp\/v2\/posts\/5115\/revisions"}],"wp:attachment":[{"href":"https:\/\/portalv1.com.br\/api\/wp\/v2\/media?parent=5115"}],"wp:term":[{"taxonomy":"category","embeddable":true,"href":"https:\/\/portalv1.com.br\/api\/wp\/v2\/categories?post=5115"},{"taxonomy":"post_tag","embeddable":true,"href":"https:\/\/portalv1.com.br\/api\/wp\/v2\/tags?post=5115"}],"curies":[{"name":"wp","href":"https:\/\/api.w.org\/{rel}","templated":true}]}}