{"id":513,"date":"2009-03-12T08:48:53","date_gmt":"2009-03-12T11:48:53","guid":{"rendered":"https:\/\/portalv1.com.br\/?p=513"},"modified":"2009-05-19T22:10:01","modified_gmt":"2009-05-20T01:10:01","slug":"quem-nao-escreve-nao-erra","status":"publish","type":"post","link":"https:\/\/portalv1.com.br\/quem-nao-escreve-nao-erra\/","title":{"rendered":"QUEM N\u00c3O ESCREVE N\u00c3O ERRA."},"content":{"rendered":"<p class=\"MsoNormal\" style=\"justify;\"><strong><\/strong><\/p>\n<p class=\"MsoNormal\" style=\"justify;\"><span style=\"Verdana;\">A coluna registra recebimento de correspond\u00eancia eletr\u00f4nica do senhor Jos\u00e9 Maria de Araujo Costa, reportando-se em extensa mensagem, sobre sua passagem pela Secretaria de Agricultura de Valen\u00e7a na administra\u00e7\u00e3o Jarbas Matias. Por dever de justi\u00e7a h\u00e1 que ser feito corre\u00e7\u00f5es em partes do que foi escrito naquela mat\u00e9ria \u201cHora de Fazer\u201d, publicada neste mesmo espa\u00e7o no dia 07 deste. Admitir um equ\u00edvoco, um exagero nunca \u00e9 humilha\u00e7\u00e3o. Quem escreve \u00e9 pass\u00edvel de erro, a repara\u00e7\u00e3o demonstra, sobretudo ser honesto consigo mesmo e com o outro. Quando se exclui fatos por omiss\u00e3o involunt\u00e1ria, como foi o caso, temos apenas uma alternativa para reparar: reconhec\u00ea-lo, pedir gra\u00e7a e em seguida procurar diminuir o impacto que possa ter provocado.<\/span><\/p>\n<p class=\"MsoNormal\" style=\"justify;\"><span style=\"Verdana;\"><br \/>\nA bem da verdade, os Secret\u00e1rios de Agricultura do Munic\u00edpio de Valen\u00e7a \u2013 Jos\u00e9 Maria de Araujo Costa e seu sucessor, o t\u00e9cnico Carlos Medeiros realizaram dignificante trabalho \u00e0 frente da Secretaria de Agricultura daquela cidade. O primeiro n\u00e3o se pode dizer nem se recebeu um \u00f3rg\u00e3o sucateado, na verdade ele nem existia de fato. Jos\u00e9 Maria, na \u00e9poca experiente t\u00e9cnico na \u00e1rea agr\u00edcola, foi pioneiro na implanta\u00e7\u00e3o de hortas comunit\u00e1rias. Socorreu muitos agricultores na ara\u00e7\u00e3o de suas terras, e deu de fato ao setor prim\u00e1rio, status de Secretaria, dentro do que lhe foi oferecido pela administra\u00e7\u00e3o municipal. Em seguida assumiu o tamb\u00e9m t\u00e9cnico Carlos Medeiros que deu a mesma din\u00e2mica ao \u00f3rg\u00e3o, efetivamente que sem a for\u00e7a pol\u00edtica do Jos\u00e9 Maria com rela\u00e7\u00e3o aos pleitos junto ao executivo, entretanto, reconhecemos que suas passagens foram positivas.<\/span><\/p>\n<p class=\"MsoNormal\" style=\"justify;\"><span style=\"Verdana;\">\u00a0<\/span><\/p>\n<p class=\"MsoNormal\" style=\"justify;\"><span style=\"Verdana;\">Com rela\u00e7\u00e3o ao trator e demais implementos agr\u00edcolas recebidos pela Prefeitura de Valen\u00e7a no governo Jarbas atrav\u00e9s de Conv\u00eanio com a CODEVASF, a coluna confirma que j\u00e1 naquela administra\u00e7\u00e3o o equipamento referido foi retirado da atividade para a qual foi adquirido e tomado para coleta de lixo domiciliar condi\u00e7\u00e3o esta que perdura at\u00e9 os nossos dias.<\/span><\/p>\n<p class=\"MsoNormal\" style=\"justify;\"><span style=\"Verdana;\">\u00a0<\/span><\/p>\n<p>\u00a0<\/p>\n","protected":false},"excerpt":{"rendered":"<p>A coluna registra recebimento de correspond\u00eancia eletr\u00f4nica do senhor Jos\u00e9 Maria de Araujo Costa, reportando-se em extensa mensagem, sobre sua passagem pela Secretaria de Agricultura de Valen\u00e7a na administra\u00e7\u00e3o Jarbas&#8230;<\/p>\n","protected":false},"author":1,"featured_media":0,"comment_status":"open","ping_status":"open","sticky":false,"template":"","format":"standard","meta":{"ngg_post_thumbnail":0,"footnotes":""},"categories":[12],"tags":[],"class_list":["post-513","post","type-post","status-publish","format-standard","hentry","category-valenca-news"],"views":190,"meta_data":{"thumb":null,"imagem":null,"data":{"simple":"12\/03\/2009","date_time":"12\/03\/2009 05:48:53","date":"h\u00e1 17 anos"},"chapeu":"","source":""},"_links":{"self":[{"href":"https:\/\/portalv1.com.br\/api\/wp\/v2\/posts\/513","targetHints":{"allow":["GET"]}}],"collection":[{"href":"https:\/\/portalv1.com.br\/api\/wp\/v2\/posts"}],"about":[{"href":"https:\/\/portalv1.com.br\/api\/wp\/v2\/types\/post"}],"author":[{"embeddable":true,"href":"https:\/\/portalv1.com.br\/api\/wp\/v2\/users\/1"}],"replies":[{"embeddable":true,"href":"https:\/\/portalv1.com.br\/api\/wp\/v2\/comments?post=513"}],"version-history":[{"count":0,"href":"https:\/\/portalv1.com.br\/api\/wp\/v2\/posts\/513\/revisions"}],"wp:attachment":[{"href":"https:\/\/portalv1.com.br\/api\/wp\/v2\/media?parent=513"}],"wp:term":[{"taxonomy":"category","embeddable":true,"href":"https:\/\/portalv1.com.br\/api\/wp\/v2\/categories?post=513"},{"taxonomy":"post_tag","embeddable":true,"href":"https:\/\/portalv1.com.br\/api\/wp\/v2\/tags?post=513"}],"curies":[{"name":"wp","href":"https:\/\/api.w.org\/{rel}","templated":true}]}}