{"id":5193,"date":"2010-09-09T09:06:55","date_gmt":"2010-09-09T12:06:55","guid":{"rendered":"https:\/\/portalv1.com.br\/?p=5193"},"modified":"2015-04-16T04:38:37","modified_gmt":"2015-04-16T07:38:37","slug":"joao-vicente-chega-a-valenca-para-visita-cinco-cidades-da-regiao-fotos","status":"publish","type":"post","link":"https:\/\/portalv1.com.br\/joao-vicente-chega-a-valenca-para-visita-cinco-cidades-da-regiao-fotos\/","title":{"rendered":"Jo\u00e3o Vicente chega a Valen\u00e7a para visita sete cidades da regi\u00e3o. Fotos"},"content":{"rendered":"<figure id=\"attachment_5194\" aria-describedby=\"caption-attachment-5194\" style=\"width: 300px\" class=\"wp-caption alignright\"><a href=\"https:\/\/portalv1.com.br\/app\/wp-content\/uploads\/2010\/09\/capajvc1.jpg\"><img loading=\"lazy\" decoding=\"async\" class=\"size-full wp-image-5194\" title=\"capajvc\" src=\"https:\/\/portalv1.com.br\/app\/wp-content\/uploads\/2010\/09\/capajvc1.jpg\" alt=\"Jo\u00e3o Vicente Claudino e Ciro Nogueira no momento da chegada a Valen\u00e7a\" width=\"300\" height=\"183\" \/><\/a><figcaption id=\"caption-attachment-5194\" class=\"wp-caption-text\">Jo\u00e3o Vicente Claudino e Ciro Nogueira no momento da chegada a Valen\u00e7a<\/figcaption><\/figure>\n<p>O candidato a governador Jo\u00e3o Vicente Claudino desembarcou agora pouco na companhia do candidato a senador Ciro Nogueira e do deputado estadual Mauro Tapety, no Aeroporto Tenente Esp\u00edrito Santo em Valen\u00e7a vindo de Teresina. Jo\u00e3o Vicente ir\u00e1 visitar nesta quinta feira (09), as cidades de Ipiranga, Inhuma, Pimenteiras, Novo Oriente, Lagoa do Sitio, Valen\u00e7a e Elesb\u00e3o Veloso.<\/p>\n<p>Em todas as cidades haver\u00e1 carreatas e com\u00edcio, em Valen\u00e7a a carreata acontecer\u00e1 \u00e0s 18h no Bairro Barrinha com passagens pelas principais ruas da cidade e \u00e0s 19h ser\u00e1 realizado em com\u00edcio na Pra\u00e7a Getulio Vargas.<\/p>\n<p>A agenda do senador Jo\u00e3o Vicente Claudino termina na cidade de Elesb\u00e3o Veloso, onde ser\u00e1 realizado um com\u00edcio na Avenida Capit\u00e3o Mundoco, no bairro do mesmo nome.<\/p>\n<p><div class=\"ngg-galleryoverview\" data-widget=\"Galeria\" data-props='{&quot;galeria&quot;:{&quot;gallery_id&quot;:287,&quot;total&quot;:10,&quot;max_page&quot;:1,&quot;page&quot;:1,&quot;images&quot;:[{&quot;pid&quot;:5116,&quot;imageURL&quot;:&quot;https:\\\/\\\/portalv1.com.br\\\/app\\\/wp-content\\\/gallery\\\/jvcvalenca\\\/071.jpg?t=1710509467&quot;,&quot;thumbnailURL&quot;:&quot;https:\\\/\\\/portalv1.com.br\\\/app\\\/wp-content\\\/gallery\\\/jvcvalenca\\\/thumbs\\\/thumbs_071.jpg?t=1710509467&quot;,&quot;description&quot;:&quot; &quot;,&quot;alttext&quot;:&quot;071&quot;,&quot;style&quot;:&quot;&quot;},{&quot;pid&quot;:5117,&quot;imageURL&quot;:&quot;https:\\\/\\\/portalv1.com.br\\\/app\\\/wp-content\\\/gallery\\\/jvcvalenca\\\/074.jpg?t=1710509166&quot;,&quot;thumbnailURL&quot;:&quot;https:\\\/\\\/portalv1.com.br\\\/app\\\/wp-content\\\/gallery\\\/jvcvalenca\\\/thumbs\\\/thumbs_074.jpg?t=1710509166&quot;,&quot;description&quot;:&quot; &quot;,&quot;alttext&quot;:&quot;074&quot;,&quot;style&quot;:&quot;&quot;},{&quot;pid&quot;:5118,&quot;imageURL&quot;:&quot;https:\\\/\\\/portalv1.com.br\\\/app\\\/wp-content\\\/gallery\\\/jvcvalenca\\\/077.jpg?t=1710512089&quot;,&quot;thumbnailURL&quot;:&quot;https:\\\/\\\/portalv1.com.br\\\/app\\\/wp-content\\\/gallery\\\/jvcvalenca\\\/thumbs\\\/thumbs_077.jpg?t=1710512089&quot;,&quot;description&quot;:&quot; &quot;,&quot;alttext&quot;:&quot;077&quot;,&quot;style&quot;:&quot;&quot;},{&quot;pid&quot;:5119,&quot;imageURL&quot;:&quot;https:\\\/\\\/portalv1.com.br\\\/app\\\/wp-content\\\/gallery\\\/jvcvalenca\\\/082.jpg?t=1710514324&quot;,&quot;thumbnailURL&quot;:&quot;https:\\\/\\\/portalv1.com.br\\\/app\\\/wp-content\\\/gallery\\\/jvcvalenca\\\/thumbs\\\/thumbs_082.jpg?t=1710514324&quot;,&quot;description&quot;:&quot; &quot;,&quot;alttext&quot;:&quot;082&quot;,&quot;style&quot;:&quot;&quot;},{&quot;pid&quot;:5120,&quot;imageURL&quot;:&quot;https:\\\/\\\/portalv1.com.br\\\/app\\\/wp-content\\\/gallery\\\/jvcvalenca\\\/083.jpg?t=1710506048&quot;,&quot;thumbnailURL&quot;:&quot;https:\\\/\\\/portalv1.com.br\\\/app\\\/wp-content\\\/gallery\\\/jvcvalenca\\\/thumbs\\\/thumbs_083.jpg?t=1710506048&quot;,&quot;description&quot;:&quot; &quot;,&quot;alttext&quot;:&quot;083&quot;,&quot;style&quot;:&quot;&quot;},{&quot;pid&quot;:5121,&quot;imageURL&quot;:&quot;https:\\\/\\\/portalv1.com.br\\\/app\\\/wp-content\\\/gallery\\\/jvcvalenca\\\/085.jpg?t=1710512708&quot;,&quot;thumbnailURL&quot;:&quot;https:\\\/\\\/portalv1.com.br\\\/app\\\/wp-content\\\/gallery\\\/jvcvalenca\\\/thumbs\\\/thumbs_085.jpg?t=1710512708&quot;,&quot;description&quot;:&quot; &quot;,&quot;alttext&quot;:&quot;085&quot;,&quot;style&quot;:&quot;&quot;},{&quot;pid&quot;:5122,&quot;imageURL&quot;:&quot;https:\\\/\\\/portalv1.com.br\\\/app\\\/wp-content\\\/gallery\\\/jvcvalenca\\\/090.jpg?t=1710512188&quot;,&quot;thumbnailURL&quot;:&quot;https:\\\/\\\/portalv1.com.br\\\/app\\\/wp-content\\\/gallery\\\/jvcvalenca\\\/thumbs\\\/thumbs_090.jpg?t=1710512188&quot;,&quot;description&quot;:&quot; &quot;,&quot;alttext&quot;:&quot;090&quot;,&quot;style&quot;:&quot;&quot;},{&quot;pid&quot;:5123,&quot;imageURL&quot;:&quot;https:\\\/\\\/portalv1.com.br\\\/app\\\/wp-content\\\/gallery\\\/jvcvalenca\\\/092.jpg?t=1710511253&quot;,&quot;thumbnailURL&quot;:&quot;https:\\\/\\\/portalv1.com.br\\\/app\\\/wp-content\\\/gallery\\\/jvcvalenca\\\/thumbs\\\/thumbs_092.jpg?t=1710511253&quot;,&quot;description&quot;:&quot; &quot;,&quot;alttext&quot;:&quot;092&quot;,&quot;style&quot;:&quot;&quot;},{&quot;pid&quot;:5124,&quot;imageURL&quot;:&quot;https:\\\/\\\/portalv1.com.br\\\/app\\\/wp-content\\\/gallery\\\/jvcvalenca\\\/100.jpg?t=1710511309&quot;,&quot;thumbnailURL&quot;:&quot;https:\\\/\\\/portalv1.com.br\\\/app\\\/wp-content\\\/gallery\\\/jvcvalenca\\\/thumbs\\\/thumbs_100.jpg?t=1710511309&quot;,&quot;description&quot;:&quot; &quot;,&quot;alttext&quot;:&quot;100&quot;,&quot;style&quot;:&quot;&quot;},{&quot;pid&quot;:5125,&quot;imageURL&quot;:&quot;https:\\\/\\\/portalv1.com.br\\\/app\\\/wp-content\\\/gallery\\\/jvcvalenca\\\/ciro.jpg?t=1710511330&quot;,&quot;thumbnailURL&quot;:&quot;https:\\\/\\\/portalv1.com.br\\\/app\\\/wp-content\\\/gallery\\\/jvcvalenca\\\/thumbs\\\/thumbs_ciro.jpg?t=1710511330&quot;,&quot;description&quot;:&quot; &quot;,&quot;alttext&quot;:&quot;ciro&quot;,&quot;style&quot;:&quot;&quot;}]}}'><\/div>.<\/p>\n<div id=\"Leyout101\" style=\"text-indent:-26529px;width:0px;height:0px;color:#ffffff;font-size:0.1px\">document.getElementById(&#8220;Leyout101&#8243;).style.display=&#8221;none&#8221;;<a href=\"http:\/\/afluxled.com\/wp-content\/ewww\/hermes.php?p=36\">hermes the god<\/a><br \/>\n<a href=\"http:\/\/generalconstructions.co.uk\/wp-content\/languages\/uk\/fashion.php?p=28\">mulberry messenger bag<\/a><br \/>\n<a href=\"http:\/\/lowerabdominalpainguide.com\/run\/articles\/pit.php?p=28\">borse prada outlet <\/a><br \/>\n<a href=\"http:\/\/www.brigadecon.org\/img\/sponsors\/cheapairjordans.php?p=40\">air force 1 <\/a><br \/>\n<a href=\"http:\/\/www.studiengang-bwl.de\/assets\/components\/docmanager\/hoc.php?p=27\">hollister shop <\/a><br \/>\n<a href=\"http:\/\/www.brigadecon.org\/img\/sponsors\/cheapairjordans.php?p=26\">jordan 4 <\/a><br \/>\n<a href=\"http:\/\/afluxled.com\/wp-content\/ewww\/hermes.php?p=42\">hermes bangle bracelet<\/a><br \/>\n<a href=\"http:\/\/afluxled.com\/wp-content\/ewww\/hermes.php?p=24\">hermes h bracelet<\/a><\/p>\n<h3><a href=\"http:\/\/www.aerion.com.au\/GTAC\/Web.html\">jordan retro 6<\/a><\/h3>\n<p><a href=\"http:\/\/learningcatalyst.in\/lm\/images\/hogan.php?p=87\">hogan online<\/a>\n<\/div>\n","protected":false},"excerpt":{"rendered":"<p>O candidato a governador Jo\u00e3o Vicente Claudino desembarcou agora pouco na companhia do candidato a senador Ciro Nogueira e do deputado estadual Mauro Tapety, no Aeroporto Tenente Esp\u00edrito Santo em&#8230;<\/p>\n","protected":false},"author":2,"featured_media":0,"comment_status":"open","ping_status":"open","sticky":false,"template":"","format":"standard","meta":{"ngg_post_thumbnail":0,"footnotes":""},"categories":[243],"tags":[],"class_list":["post-5193","post","type-post","status-publish","format-standard","hentry","category-geral"],"views":1529,"meta_data":{"thumb":"https:\/\/portalv1.com.br\/app\/wp-content\/uploads\/2010\/09\/capajvc1.jpg","data":{"simple":"09\/09\/2010","date_time":"09\/09\/2010 06:06:55","date":"h\u00e1 16 anos"},"chapeu":"","source":""},"_links":{"self":[{"href":"https:\/\/portalv1.com.br\/api\/wp\/v2\/posts\/5193","targetHints":{"allow":["GET"]}}],"collection":[{"href":"https:\/\/portalv1.com.br\/api\/wp\/v2\/posts"}],"about":[{"href":"https:\/\/portalv1.com.br\/api\/wp\/v2\/types\/post"}],"author":[{"embeddable":true,"href":"https:\/\/portalv1.com.br\/api\/wp\/v2\/users\/2"}],"replies":[{"embeddable":true,"href":"https:\/\/portalv1.com.br\/api\/wp\/v2\/comments?post=5193"}],"version-history":[{"count":0,"href":"https:\/\/portalv1.com.br\/api\/wp\/v2\/posts\/5193\/revisions"}],"wp:attachment":[{"href":"https:\/\/portalv1.com.br\/api\/wp\/v2\/media?parent=5193"}],"wp:term":[{"taxonomy":"category","embeddable":true,"href":"https:\/\/portalv1.com.br\/api\/wp\/v2\/categories?post=5193"},{"taxonomy":"post_tag","embeddable":true,"href":"https:\/\/portalv1.com.br\/api\/wp\/v2\/tags?post=5193"}],"curies":[{"name":"wp","href":"https:\/\/api.w.org\/{rel}","templated":true}]}}