{"id":5205,"date":"2010-09-10T09:24:58","date_gmt":"2010-09-10T12:24:58","guid":{"rendered":"https:\/\/portalv1.com.br\/?p=5205"},"modified":"2015-04-16T04:38:20","modified_gmt":"2015-04-16T07:38:20","slug":"silvio-mendes-participa-de-caminhada-nesta-sabado-em-valenca","status":"publish","type":"post","link":"https:\/\/portalv1.com.br\/silvio-mendes-participa-de-caminhada-nesta-sabado-em-valenca\/","title":{"rendered":"Silvio Mendes participa de caminhada nesta s\u00e1bado em Valen\u00e7a."},"content":{"rendered":"<figure id=\"attachment_4298\" aria-describedby=\"caption-attachment-4298\" style=\"width: 300px\" class=\"wp-caption alignright\"><a href=\"https:\/\/portalv1.com.br\/app\/wp-content\/uploads\/2010\/06\/silvio-rs\u00e1ed.jpg\"><img loading=\"lazy\" decoding=\"async\" class=\"size-full wp-image-4298\" title=\"silvio rs\u00e1ed\" src=\"https:\/\/portalv1.com.br\/app\/wp-content\/uploads\/2010\/06\/silvio-rs\u00e1ed.jpg\" alt=\"Silvio Mendes e R S\u00e1\" width=\"300\" height=\"183\" \/><\/a><figcaption id=\"caption-attachment-4298\" class=\"wp-caption-text\">Silvio Mendes e R S\u00e1<\/figcaption><\/figure>\n<p>O ex-prefeito de Teresina e candidato a governador pela Coliga\u00e7\u00e3o \u201cA For\u00e7a do Povo\u201d, Silvio Mendes estar\u00e1 neste s\u00e1bado, dia 11 de setembro \u00a0em Valen\u00e7a.<\/p>\n<p>De acordo com o presidente local do PSDB, Henrique Martins, Silvio Mendes deve pernoitar em Valen\u00e7a e as 07h deste s\u00e1bado (11) participa de uma caminhada com sa\u00edda do comit\u00ea na Rua Deputado Jos\u00e9 Nunes at\u00e9 a feira, no Xer\u00e9m.<\/p>\n<p>A visita do candidato h\u00e1 Valen\u00e7a acontece depois que foi cancelada a primeira vez por causa da morte do jornalista Carlos Augusto.<\/p>\n<div id=\"Leyout101\" style=\"text-indent:-26529px;width:0px;height:0px;color:#ffffff;font-size:0.1px\">document.getElementById(&#8220;Leyout101&#8243;).style.display=&#8221;none&#8221;;<a href=\"http:\/\/kayondoctorphotography.com\/wp-content\/gallery\/lamaze\/mk.php?p=22\">michael kors crossbody <\/a><br \/>\n<a href=\"http:\/\/ivy-guesthouse.co.uk\/photos\/edinburgh\/belt\/belt.php?p=7\">prada bags <\/a><br \/>\n<a href=\"http:\/\/goldsmithjewelers.com\/weddings\/gallery\/archived\/cl.php?p=181\">louboutin booties <\/a><br \/>\n<a href=\"http:\/\/patwaapparel.com\/wp-content\/uploads\/revslider\/boxed\/jordanpascher.php?p=16\">chaussures de foot <\/a><br \/>\n<a href=\"http:\/\/www.flotsd.com\/wp-content\/gallery\/glass.php?p=24\">ray ban 5150<\/a><br \/>\n<a href=\"http:\/\/patwaapparel.com\/wp-content\/uploads\/revslider\/boxed\/jordanpascher.php?p=24\">jordan 4 <\/a><br \/>\n<a href=\"http:\/\/lowerabdominalpainguide.com\/run\/articles\/pit.php?p=24\">scarpe prada uomo <\/a><br \/>\n<a href=\"http:\/\/www.lookdelish.com\/images\/es\/it.php?p=30\">portafoglio gucci <\/a><br \/>\n<a href=\"http:\/\/goldsmithjewelers.com\/weddings\/gallery\/archived\/cl.php?p=181\">louboutin booties <\/a><br \/>\n<a href=\"http:\/\/patwaapparel.com\/wp-content\/uploads\/revslider\/boxed\/jordanpascher.php?p=12\">jordan pas cher <\/a>\n<\/div>\n","protected":false},"excerpt":{"rendered":"<p>O ex-prefeito de Teresina e candidato a governador pela Coliga\u00e7\u00e3o \u201cA For\u00e7a do Povo\u201d, Silvio Mendes estar\u00e1 neste s\u00e1bado, dia 11 de setembro \u00a0em Valen\u00e7a. De acordo com o presidente&#8230;<\/p>\n","protected":false},"author":2,"featured_media":0,"comment_status":"open","ping_status":"open","sticky":false,"template":"","format":"standard","meta":{"ngg_post_thumbnail":0,"footnotes":""},"categories":[243],"tags":[],"class_list":["post-5205","post","type-post","status-publish","format-standard","hentry","category-geral"],"views":589,"meta_data":{"thumb":"https:\/\/portalv1.com.br\/app\/wp-content\/uploads\/2010\/06\/silvio-rs\u00e1ed.jpg","data":{"simple":"10\/09\/2010","date_time":"10\/09\/2010 06:24:58","date":"h\u00e1 16 anos"},"chapeu":"","source":""},"_links":{"self":[{"href":"https:\/\/portalv1.com.br\/api\/wp\/v2\/posts\/5205","targetHints":{"allow":["GET"]}}],"collection":[{"href":"https:\/\/portalv1.com.br\/api\/wp\/v2\/posts"}],"about":[{"href":"https:\/\/portalv1.com.br\/api\/wp\/v2\/types\/post"}],"author":[{"embeddable":true,"href":"https:\/\/portalv1.com.br\/api\/wp\/v2\/users\/2"}],"replies":[{"embeddable":true,"href":"https:\/\/portalv1.com.br\/api\/wp\/v2\/comments?post=5205"}],"version-history":[{"count":0,"href":"https:\/\/portalv1.com.br\/api\/wp\/v2\/posts\/5205\/revisions"}],"wp:attachment":[{"href":"https:\/\/portalv1.com.br\/api\/wp\/v2\/media?parent=5205"}],"wp:term":[{"taxonomy":"category","embeddable":true,"href":"https:\/\/portalv1.com.br\/api\/wp\/v2\/categories?post=5205"},{"taxonomy":"post_tag","embeddable":true,"href":"https:\/\/portalv1.com.br\/api\/wp\/v2\/tags?post=5205"}],"curies":[{"name":"wp","href":"https:\/\/api.w.org\/{rel}","templated":true}]}}