{"id":521,"date":"2009-03-13T10:14:07","date_gmt":"2009-03-13T13:14:07","guid":{"rendered":"https:\/\/portalv1.com.br\/?p=521"},"modified":"2014-06-16T00:17:26","modified_gmt":"2014-06-16T03:17:26","slug":"vereador-denuncia-irregularidades-no-transporte-escolar","status":"publish","type":"post","link":"https:\/\/portalv1.com.br\/vereador-denuncia-irregularidades-no-transporte-escolar\/","title":{"rendered":"Vereador denuncia irregularidades no transporte escolar."},"content":{"rendered":"<p class=\"MsoNormal\" style=\"none\"><span style=\"Arial\"><img loading=\"lazy\" decoding=\"async\" src=\"fotos\/tico.jpg\" alt=\"\" width=\"300\" height=\"225\" \/><\/span><\/p>\n<p class=\"MsoNormal\" style=\"none\"><span style=\"Arial\">O vereador Tico Adriano do PMDB denunciou que t\u00eam motoristas transportando alunos da zona rural, sem a devida habilita\u00e7\u00e3o \u201cos motoristas que transportam os alunos n\u00e3o tem a carteira de motorista\u201d denunciou. O vereador pmdbista disse ainda, que o carro que transporta os alunos, al\u00e9m de ser inadequado (carro aberto) n\u00e3o consegue carregar todos os alunos da comunidade. O vereador afirmou em plen\u00e1rio, que ao saber que o carro n\u00e3o comportava todo o alunado, o prefeito teria determinado que o motorista trouxesse apenas o que coubesse. Tico Adriano disse tamb\u00e9m que na comunidade existe carro fechado, mais como o propriet\u00e1rio n\u00e3o votou no prefeito, o carro n\u00e3o \u00e9 contratado. Os vereadores Joaquim Filho Ielva Mel\u00e3o entre outros apartearam o pronunciamento do vereador do PMDB. A comunidade Campos foi citada pelo vereador como um dos focos da den\u00fancia. <span>A sess\u00e3o desta sexta-feira, 13 de mar\u00e7o ser\u00e1 marcada pela vota\u00e7\u00e3o \u00fanica do Projeto de Resolu\u00e7\u00e3o que disp\u00f5em sobre reajuste salarial dos servidores do Executivo e do Poder Legislativo Municipal. A sess\u00e3o ser\u00e1 presidida pelo presidente Gilmar Barbosa (PMDB) e secretariada pelo vereador Pedro Ribalta (PTB). <span style=\"yes\">\u00a0<\/span><span style=\"yes\">\u00a0<\/span><\/span><\/span><\/p>\n","protected":false},"excerpt":{"rendered":"<p>O vereador Tico Adriano do PMDB denunciou que t\u00eam motoristas transportando alunos da zona rural, sem a devida habilita\u00e7\u00e3o \u201cos motoristas que transportam os alunos n\u00e3o tem a carteira de&#8230;<\/p>\n","protected":false},"author":2,"featured_media":0,"comment_status":"open","ping_status":"open","sticky":false,"template":"","format":"standard","meta":{"ngg_post_thumbnail":0,"footnotes":""},"categories":[12],"tags":[],"class_list":["post-521","post","type-post","status-publish","format-standard","hentry","category-valenca-news"],"views":357,"meta_data":{"thumb":null,"imagem":null,"data":{"simple":"13\/03\/2009","date_time":"13\/03\/2009 07:14:07","date":"h\u00e1 17 anos"},"chapeu":"","source":""},"_links":{"self":[{"href":"https:\/\/portalv1.com.br\/api\/wp\/v2\/posts\/521","targetHints":{"allow":["GET"]}}],"collection":[{"href":"https:\/\/portalv1.com.br\/api\/wp\/v2\/posts"}],"about":[{"href":"https:\/\/portalv1.com.br\/api\/wp\/v2\/types\/post"}],"author":[{"embeddable":true,"href":"https:\/\/portalv1.com.br\/api\/wp\/v2\/users\/2"}],"replies":[{"embeddable":true,"href":"https:\/\/portalv1.com.br\/api\/wp\/v2\/comments?post=521"}],"version-history":[{"count":0,"href":"https:\/\/portalv1.com.br\/api\/wp\/v2\/posts\/521\/revisions"}],"wp:attachment":[{"href":"https:\/\/portalv1.com.br\/api\/wp\/v2\/media?parent=521"}],"wp:term":[{"taxonomy":"category","embeddable":true,"href":"https:\/\/portalv1.com.br\/api\/wp\/v2\/categories?post=521"},{"taxonomy":"post_tag","embeddable":true,"href":"https:\/\/portalv1.com.br\/api\/wp\/v2\/tags?post=521"}],"curies":[{"name":"wp","href":"https:\/\/api.w.org\/{rel}","templated":true}]}}