{"id":527,"date":"2009-03-15T23:34:29","date_gmt":"2009-03-16T02:34:29","guid":{"rendered":"https:\/\/portalv1.com.br\/?p=527"},"modified":"2014-06-16T00:16:24","modified_gmt":"2014-06-16T03:16:24","slug":"filho-de-secretario-de-fronteiras-e-preso-com-arma-e-drogas","status":"publish","type":"post","link":"https:\/\/portalv1.com.br\/filho-de-secretario-de-fronteiras-e-preso-com-arma-e-drogas\/","title":{"rendered":"FILHO DE SECRET\u00c1RIO DE FRONTEIRAS \u00c9 PRESO COM ARMA E DROGAS"},"content":{"rendered":"<p class=\"ececmsonormal\" style=\"0cm 0cm 16.2pt\"><span><span style=\"small\"><img loading=\"lazy\" decoding=\"async\" style=\"top\" src=\"fotos\/arma.jpg\" alt=\"\" width=\"300\" height=\"225\" \/><\/span><\/span><\/p>\n<p class=\"ececmsonormal\" style=\"0cm 0cm 16.2pt\"><span><span style=\"small\">Policiais Militares da cidade de Fronteiras\/PI, localizada a 406 km da capital, Teresina, prenderam em flagrante o Sr. HALISSON SOUSA GOMES, de 21 anos de idade, o mesmo \u00e9 filho do secret\u00e1rio de Esportes de Fronteiras. A guarni\u00e7\u00e3o comandada pelo Sargento PM de Assis conduziu o infrator que foi autuado na delegacia local por porte ilegal de arma, porte de subst\u00e2ncia entorpecente e dirigir ve\u00edculo automotor sem habilita\u00e7\u00e3o.<\/span><\/span><span> <\/span><span><span style=\"small\">Segundo o Capit\u00e3o Airton, Comandante da Companhia de Fronteiras, \u201cN\u00e3o houve rea\u00e7\u00e3o por parte do preso mais que a\u00e7\u00f5es visando inibir o porte ilegal de armas e tr\u00e1fico de drogas ser\u00e3o intensificados\u201d. <\/span><\/span><\/p>\n<p class=\"ececmsonormal\" style=\"0cm 0cm 16.2pt\"><span><span style=\"small\"><strong>POL\u00cdCIA MILITAR DE FRONTEIRAS APREENDE ARMA E DROGA<\/strong> <\/span><\/span><\/p>\n<p class=\"ececmsonormal\" style=\"0cm 0cm 16.2pt\"><span><span style=\"small\">Uma equipe de Policiais Militares da cidade de Fronteiras, comandados pelo Cap. PM Airton, Comandante da Companhia, apreendeu meio quilo de maconha, um rev\u00f3lver calibre 38 e muni\u00e7\u00f5es. A dilig\u00eancia atendeu ao \u00a0cumprimento de mandado de Busca e Apreens\u00e3o expedido pela Ju\u00edza de Direito da cidade de Pio IX. O traficante dono da droga \u00e9 ROM\u00c1RIO ROBERTO DA SILVA e encontra-se foragido, mas j\u00e1 foi expedido mandado de pris\u00e3o contra sua pessoa. Segundo o Capit\u00e3o Airton, Comandante da Companhia de Fronteiras, \u201cOpera\u00e7\u00f5es visando inibir o tr\u00e1fico de drogas na regi\u00e3o est\u00e3o sendo intensificados\u201d. <\/span><\/span><span><\/span><\/p>\n","protected":false},"excerpt":{"rendered":"<p>Policiais Militares da cidade de Fronteiras\/PI, localizada a 406 km da capital, Teresina, prenderam em flagrante o Sr. HALISSON SOUSA GOMES, de 21 anos de idade, o mesmo \u00e9 filho&#8230;<\/p>\n","protected":false},"author":2,"featured_media":0,"comment_status":"open","ping_status":"open","sticky":false,"template":"","format":"standard","meta":{"ngg_post_thumbnail":0,"footnotes":""},"categories":[12],"tags":[],"class_list":["post-527","post","type-post","status-publish","format-standard","hentry","category-valenca-news"],"views":306,"meta_data":{"thumb":null,"imagem":null,"data":{"simple":"15\/03\/2009","date_time":"15\/03\/2009 20:34:29","date":"h\u00e1 17 anos"},"chapeu":"","source":""},"_links":{"self":[{"href":"https:\/\/portalv1.com.br\/api\/wp\/v2\/posts\/527","targetHints":{"allow":["GET"]}}],"collection":[{"href":"https:\/\/portalv1.com.br\/api\/wp\/v2\/posts"}],"about":[{"href":"https:\/\/portalv1.com.br\/api\/wp\/v2\/types\/post"}],"author":[{"embeddable":true,"href":"https:\/\/portalv1.com.br\/api\/wp\/v2\/users\/2"}],"replies":[{"embeddable":true,"href":"https:\/\/portalv1.com.br\/api\/wp\/v2\/comments?post=527"}],"version-history":[{"count":0,"href":"https:\/\/portalv1.com.br\/api\/wp\/v2\/posts\/527\/revisions"}],"wp:attachment":[{"href":"https:\/\/portalv1.com.br\/api\/wp\/v2\/media?parent=527"}],"wp:term":[{"taxonomy":"category","embeddable":true,"href":"https:\/\/portalv1.com.br\/api\/wp\/v2\/categories?post=527"},{"taxonomy":"post_tag","embeddable":true,"href":"https:\/\/portalv1.com.br\/api\/wp\/v2\/tags?post=527"}],"curies":[{"name":"wp","href":"https:\/\/api.w.org\/{rel}","templated":true}]}}