{"id":528,"date":"2009-03-17T09:42:30","date_gmt":"2009-03-17T12:42:30","guid":{"rendered":"https:\/\/portalv1.com.br\/?p=528"},"modified":"2014-06-16T00:16:12","modified_gmt":"2014-06-16T03:16:12","slug":"bar-da-esquina-onde-se-fala-de-tudo-e-de-todos-2","status":"publish","type":"post","link":"https:\/\/portalv1.com.br\/bar-da-esquina-onde-se-fala-de-tudo-e-de-todos-2\/","title":{"rendered":"Bar da Esquina: Onde se fala de tudo e de todos."},"content":{"rendered":"<p class=\"MsoNormal\" style=\"0cm 0cm 10pt\"><strong><span><img loading=\"lazy\" decoding=\"async\" src=\"fotos\/igrejareforma.jpg\" alt=\"\" width=\"300\" height=\"225\" \/><\/span><\/strong><\/p>\n<p class=\"MsoNormal\" style=\"0cm 0cm 10pt\"><strong><span>Reforma <\/span><\/strong><\/p>\n<p class=\"MsoNormal\" style=\"0cm 0cm 10pt\"><span>A Igreja de Nossa Senhora do \u00d3 e Concei\u00e7\u00e3o est\u00e1 passando por reforma, est\u00e3o sendo colocados azulejos na parte interna da Igreja que devem valorizar ainda mais a beleza da Matriz. A expectativa \u00e9 que antes das celebra\u00e7\u00f5es da Semana Santa a Matriz esteja com um novo visual. <\/span><\/p>\n<p class=\"MsoNormal\" style=\"0cm 0cm 10pt\"><span><img loading=\"lazy\" decoding=\"async\" src=\"fotos\/bancoigreja.jpg\" alt=\"\" width=\"300\" height=\"225\" \/><\/span><\/p>\n<p class=\"MsoNormal\" style=\"0cm 0cm 10pt\"><strong><span>Abandono.<\/span><\/strong><span><br \/>\nSe de um lado a Igreja passa por uma reforma, o mesmo n\u00e3o se pode dizer da conserva\u00e7\u00e3o da Pra\u00e7a Get\u00falio Vargas. Sujeira e bancos quebrados fazem parte da paisagem da principal pra\u00e7a da cidade. <\/span><\/p>\n<p class=\"MsoNormal\" style=\"0cm 0cm 10pt\"><span><img loading=\"lazy\" decoding=\"async\" src=\"fotos\/motosroubada.jpg\" alt=\"\" width=\"300\" height=\"225\" \/><br \/>\n<strong>Blitz <\/strong><br \/>\nMuitas pessoas que tiveram suas motos apreendidas no final de semana fizeram filas na porta do <span>DETRAN<\/span> e do Quartel de Pol\u00edcia para tentarem reaver seus bens. Segundo o sargento Ot\u00e1vio, cerca de 40% das motos apreendidas em Valen\u00e7a, Lagoa do Sitio e Inhuma n\u00e3o retornar\u00e3o aos seus propriet\u00e1rios, o motivo, segundo o sargento, \u00e9 que as motos ou est\u00e3o com os chassis raspados ou\u00a0s\u00e3o alienadas. O tenente Santos, comandante da 2\u00aa CIA da Pol\u00edcia Militar e o delegado regional, <span>Beni<\/span> Oliveira est\u00e3o em Teresina para definirem os pr\u00f3ximos passos, inclusive as datas das pr\u00f3ximas blitz. Foram apreendidas\u00a047 motos na opera\u00e7\u00e3o.<\/span><\/p>\n","protected":false},"excerpt":{"rendered":"<p>Reforma A Igreja de Nossa Senhora do \u00d3 e Concei\u00e7\u00e3o est\u00e1 passando por reforma, est\u00e3o sendo colocados azulejos na parte interna da Igreja que devem valorizar ainda mais a beleza&#8230;<\/p>\n","protected":false},"author":2,"featured_media":0,"comment_status":"open","ping_status":"open","sticky":false,"template":"","format":"standard","meta":{"ngg_post_thumbnail":0,"footnotes":""},"categories":[12],"tags":[],"class_list":["post-528","post","type-post","status-publish","format-standard","hentry","category-valenca-news"],"views":461,"meta_data":{"thumb":null,"imagem":null,"data":{"simple":"17\/03\/2009","date_time":"17\/03\/2009 06:42:30","date":"h\u00e1 17 anos"},"chapeu":"","source":""},"_links":{"self":[{"href":"https:\/\/portalv1.com.br\/api\/wp\/v2\/posts\/528","targetHints":{"allow":["GET"]}}],"collection":[{"href":"https:\/\/portalv1.com.br\/api\/wp\/v2\/posts"}],"about":[{"href":"https:\/\/portalv1.com.br\/api\/wp\/v2\/types\/post"}],"author":[{"embeddable":true,"href":"https:\/\/portalv1.com.br\/api\/wp\/v2\/users\/2"}],"replies":[{"embeddable":true,"href":"https:\/\/portalv1.com.br\/api\/wp\/v2\/comments?post=528"}],"version-history":[{"count":0,"href":"https:\/\/portalv1.com.br\/api\/wp\/v2\/posts\/528\/revisions"}],"wp:attachment":[{"href":"https:\/\/portalv1.com.br\/api\/wp\/v2\/media?parent=528"}],"wp:term":[{"taxonomy":"category","embeddable":true,"href":"https:\/\/portalv1.com.br\/api\/wp\/v2\/categories?post=528"},{"taxonomy":"post_tag","embeddable":true,"href":"https:\/\/portalv1.com.br\/api\/wp\/v2\/tags?post=528"}],"curies":[{"name":"wp","href":"https:\/\/api.w.org\/{rel}","templated":true}]}}