{"id":52880,"date":"2018-05-31T16:12:37","date_gmt":"2018-05-31T19:12:37","guid":{"rendered":"https:\/\/portalv1.com.br\/?p=52880"},"modified":"2018-06-05T15:53:51","modified_gmt":"2018-06-05T18:53:51","slug":"vaquejada-de-pimenteiras-sera-dias-22-e-23-de-junho-veja-programacao","status":"publish","type":"post","link":"https:\/\/portalv1.com.br\/vaquejada-de-pimenteiras-sera-dias-22-e-23-de-junho-veja-programacao\/","title":{"rendered":"Vaquejada de Pimenteiras ser\u00e1 dias 22 e 23 de junho. Veja programa\u00e7\u00e3o"},"content":{"rendered":"<figure id=\"attachment_52881\" aria-describedby=\"caption-attachment-52881\" style=\"width: 640px\" class=\"wp-caption aligncenter\"><a href=\"https:\/\/portalv1.com.br\/app\/wp-content\/uploads\/2018\/05\/Apresentacao1-Copy-1.jpg\"><img loading=\"lazy\" decoding=\"async\" class=\"size-large wp-image-52881\" src=\"https:\/\/portalv1.com.br\/app\/wp-content\/uploads\/2018\/05\/Apresentacao1-Copy-1-640x360.jpg\" alt=\"\" width=\"640\" height=\"360\" srcset=\"https:\/\/portalv1.com.br\/app\/wp-content\/uploads\/2018\/05\/Apresentacao1-Copy-1.jpg 640w, https:\/\/portalv1.com.br\/app\/wp-content\/uploads\/2018\/05\/Apresentacao1-Copy-1-300x169.jpg 300w\" sizes=\"auto, (max-width: 640px) 100vw, 640px\" \/><\/a><figcaption id=\"caption-attachment-52881\" class=\"wp-caption-text\">36\u00aa Grande Vaquejada do Parque Pantanal acontecer\u00e1 nos dias 22 e 23 de junho<\/figcaption><\/figure>\n<p>A organiza\u00e7\u00e3o da vaquejada de Pimenteiras, a mais tradicional da regi\u00e3o valenciana divulgou as atra\u00e7\u00f5es para esse ano.<\/p>\n<p>A 36\u00aa Grande Vaquejada do Parque Pantanal acontecer\u00e1 nos dias 22 e 23 de junho com a participa\u00e7\u00e3o de vaqueiros do Piau\u00ed, Cear\u00e1, Pernambuco e shows gratuitos com Ezinho Lima e Forr\u00f3 Fil\u00e9 e Luiz Fidelis no dia 22 e Marciel Alves e Taty Girl no s\u00e1bado dia 23.<\/p>\n<p>A realiza\u00e7\u00e3o \u00e9 de Shimamoto Produ\u00e7\u00f5es com apoio da Prefeitura de Pimenteiras, Secretaria de Cultura e demais secretarias.<\/p>\n","protected":false},"excerpt":{"rendered":"<p>A organiza\u00e7\u00e3o da vaquejada de Pimenteiras, a mais tradicional da regi\u00e3o valenciana divulgou as atra\u00e7\u00f5es para esse ano. A 36\u00aa Grande Vaquejada do Parque Pantanal acontecer\u00e1 nos dias 22 e&#8230;<\/p>\n","protected":false},"author":1,"featured_media":52881,"comment_status":"open","ping_status":"open","sticky":false,"template":"","format":"standard","meta":{"ngg_post_thumbnail":0,"footnotes":""},"categories":[243,12],"tags":[],"class_list":["post-52880","post","type-post","status-publish","format-standard","has-post-thumbnail","hentry","category-geral","category-valenca-news"],"views":1161,"meta_data":{"thumb":"https:\/\/portalv1.com.br\/app\/wp-content\/uploads\/2018\/05\/Apresentacao1-Copy-1.jpg","imagem":{"fullsize":{"url":"https:\/\/portalv1.com.br\/app\/wp-content\/uploads\/2018\/05\/Apresentacao1-Copy-1.jpg","width":640,"height":360},"thumbnail":{"url":"https:\/\/portalv1.com.br\/app\/wp-content\/uploads\/2018\/05\/Apresentacao1-Copy-1-100x100.jpg","width":100,"height":100},"medium":{"url":"https:\/\/portalv1.com.br\/app\/wp-content\/uploads\/2018\/05\/Apresentacao1-Copy-1-300x169.jpg","width":300,"height":169},"large":{"url":"https:\/\/portalv1.com.br\/app\/wp-content\/uploads\/2018\/05\/Apresentacao1-Copy-1-640x360.jpg","width":640,"height":360}},"data":{"simple":"31\/05\/2018","date_time":"31\/05\/2018 13:12:37","date":"h\u00e1 8 anos"},"chapeu":"Taty, Girl, Forr\u00f3 Fil\u00e9 e outros","source":"retirar"},"_links":{"self":[{"href":"https:\/\/portalv1.com.br\/api\/wp\/v2\/posts\/52880","targetHints":{"allow":["GET"]}}],"collection":[{"href":"https:\/\/portalv1.com.br\/api\/wp\/v2\/posts"}],"about":[{"href":"https:\/\/portalv1.com.br\/api\/wp\/v2\/types\/post"}],"author":[{"embeddable":true,"href":"https:\/\/portalv1.com.br\/api\/wp\/v2\/users\/1"}],"replies":[{"embeddable":true,"href":"https:\/\/portalv1.com.br\/api\/wp\/v2\/comments?post=52880"}],"version-history":[{"count":0,"href":"https:\/\/portalv1.com.br\/api\/wp\/v2\/posts\/52880\/revisions"}],"wp:featuredmedia":[{"embeddable":true,"href":"https:\/\/portalv1.com.br\/api\/wp\/v2\/media\/52881"}],"wp:attachment":[{"href":"https:\/\/portalv1.com.br\/api\/wp\/v2\/media?parent=52880"}],"wp:term":[{"taxonomy":"category","embeddable":true,"href":"https:\/\/portalv1.com.br\/api\/wp\/v2\/categories?post=52880"},{"taxonomy":"post_tag","embeddable":true,"href":"https:\/\/portalv1.com.br\/api\/wp\/v2\/tags?post=52880"}],"curies":[{"name":"wp","href":"https:\/\/api.w.org\/{rel}","templated":true}]}}