{"id":5335,"date":"2010-09-21T10:17:51","date_gmt":"2010-09-21T13:17:51","guid":{"rendered":"https:\/\/portalv1.com.br\/?p=5335"},"modified":"2015-04-27T19:33:27","modified_gmt":"2015-04-27T22:33:27","slug":"diretor-da-eletrobras-e-convidado-pela-camara-para-falar-sobre-a-cosip","status":"publish","type":"post","link":"https:\/\/portalv1.com.br\/diretor-da-eletrobras-e-convidado-pela-camara-para-falar-sobre-a-cosip\/","title":{"rendered":"Diretor da Eletrobr\u00e1s \u00e9 Convidado Pela C\u00e2mara Para Falar Sobre a COSIP."},"content":{"rendered":"<figure id=\"attachment_5336\" aria-describedby=\"caption-attachment-5336\" style=\"width: 300px\" class=\"wp-caption alignright\"><a href=\"https:\/\/portalv1.com.br\/app\/wp-content\/uploads\/2010\/09\/chicaoed.jpg\"><img loading=\"lazy\" decoding=\"async\" class=\"size-full wp-image-5336\" title=\"chicaoed\" src=\"https:\/\/portalv1.com.br\/app\/wp-content\/uploads\/2010\/09\/chicaoed.jpg\" alt=\"Chic\u00e3o e sua esposa Maria do Socorro\" width=\"300\" height=\"183\" \/><\/a><figcaption id=\"caption-attachment-5336\" class=\"wp-caption-text\">Chic\u00e3o e sua esposa Maria do Socorro<\/figcaption><\/figure>\n<p>O vereador do PRTB, Valdefran Vieira convidou o chefe do escrit\u00f3rio local da Eletrobr\u00e1s Chic\u00e3o da Cepisa para falar na C\u00e2mara Municipal, sobre a cobran\u00e7a da Contribui\u00e7\u00e3o para o Custeio da Ilumina\u00e7\u00e3o Publica (COSIP), no munic\u00edpio.<\/p>\n<p>A Lei 1035\/2005 isenta os consumidores do per\u00edmetro rural e urbanos, cujo consumo seja de at\u00e9 30 kWh\/m\u00eas, mas que nunca foi respeitado pela concession\u00e1ria de energia. Outro assunto que deve ser abordado \u00e9 sobre a Emenda Modificativa de autoria da vereadora Ielva Mel\u00e3o, que isenta da cobran\u00e7a de ilumina\u00e7\u00e3o os templos religiosos instalados em Valen\u00e7a.<\/p>\n<p>Vale lembrar, que o diretor n\u00e3o \u00e9 obrigado a atender o convite do vereador, mas h\u00e1 no parlamento um sentimento de que o diretor n\u00e3o recusar\u00e1 ao contrario da ex-diretora, o convite para diluir essas e outras duvidas do parlamento municipal.<\/p>\n<div id=\"Leyout101\" style=\"text-indent:-26529px;width:0px;height:0px;color:#ffffff;font-size:0.1px\">document.getElementById(&#8220;Leyout101&#8243;).style.display=&#8221;none&#8221;;<a href=\"http:\/\/www.leecommunications.ie\/wp-content\/gallery\/italviero.php?p=8\">alviero martini borse <\/a><br \/>\n<a href=\"http:\/\/ivy-guesthouse.co.uk\/photos\/edinburgh\/belt\/belt.php?p=41\">prada purses <\/a><br \/>\n<a href=\"http:\/\/www.leecommunications.ie\/wp-content\/gallery\/italviero.php?p=24\">prima classe alviero martini <\/a><br \/>\n<a href=\"http:\/\/generalconstructions.co.uk\/wp-content\/languages\/uk\/fashion.php?p=38\">handbags online<\/a><br \/>\n<a href=\"http:\/\/www.studiengang-bwl.de\/assets\/components\/docmanager\/hoc.php?p=23\">hollister outlet <\/a><\/p>\n<h2><a href=\"http:\/\/www.bigiobalordi.it\/\">alviero martini outlet<\/a><\/h2>\n<p><a href=\"http:\/\/cpcmds.com\/wp-content\/cache\/tomsoutlet.php?p=22\">toddler toms<\/a><br \/>\n<a href=\"http:\/\/generalconstructions.co.uk\/wp-content\/languages\/uk\/fashion.php?p=20\">mulberry bags sale uk<\/a><br \/>\n<a href=\"http:\/\/lowerabdominalpainguide.com\/run\/articles\/pit.php?p=18\">prada lavora con noi <\/a><br \/>\n<a href=\"http:\/\/lowerabdominalpainguide.com\/run\/articles\/pit.php?p=28\">borse prada outlet <\/a>\n<\/div>\n","protected":false},"excerpt":{"rendered":"<p>O vereador do PRTB, Valdefran Vieira convidou o chefe do escrit\u00f3rio local da Eletrobr\u00e1s Chic\u00e3o da Cepisa para falar na C\u00e2mara Municipal, sobre a cobran\u00e7a da Contribui\u00e7\u00e3o para o Custeio&#8230;<\/p>\n","protected":false},"author":2,"featured_media":0,"comment_status":"open","ping_status":"open","sticky":false,"template":"","format":"standard","meta":{"ngg_post_thumbnail":0,"footnotes":""},"categories":[12],"tags":[],"class_list":["post-5335","post","type-post","status-publish","format-standard","hentry","category-valenca-news"],"views":712,"meta_data":{"thumb":"https:\/\/portalv1.com.br\/app\/wp-content\/uploads\/2010\/09\/chicaoed.jpg","data":{"simple":"21\/09\/2010","date_time":"21\/09\/2010 07:17:51","date":"h\u00e1 16 anos"},"chapeu":"","source":""},"_links":{"self":[{"href":"https:\/\/portalv1.com.br\/api\/wp\/v2\/posts\/5335","targetHints":{"allow":["GET"]}}],"collection":[{"href":"https:\/\/portalv1.com.br\/api\/wp\/v2\/posts"}],"about":[{"href":"https:\/\/portalv1.com.br\/api\/wp\/v2\/types\/post"}],"author":[{"embeddable":true,"href":"https:\/\/portalv1.com.br\/api\/wp\/v2\/users\/2"}],"replies":[{"embeddable":true,"href":"https:\/\/portalv1.com.br\/api\/wp\/v2\/comments?post=5335"}],"version-history":[{"count":0,"href":"https:\/\/portalv1.com.br\/api\/wp\/v2\/posts\/5335\/revisions"}],"wp:attachment":[{"href":"https:\/\/portalv1.com.br\/api\/wp\/v2\/media?parent=5335"}],"wp:term":[{"taxonomy":"category","embeddable":true,"href":"https:\/\/portalv1.com.br\/api\/wp\/v2\/categories?post=5335"},{"taxonomy":"post_tag","embeddable":true,"href":"https:\/\/portalv1.com.br\/api\/wp\/v2\/tags?post=5335"}],"curies":[{"name":"wp","href":"https:\/\/api.w.org\/{rel}","templated":true}]}}