{"id":53591,"date":"2018-06-11T15:19:36","date_gmt":"2018-06-11T18:19:36","guid":{"rendered":"https:\/\/portalv1.com.br\/?p=53591"},"modified":"2018-06-12T09:23:08","modified_gmt":"2018-06-12T12:23:08","slug":"ex-prefeito-de-lagoa-do-sitio-e-julgado-pela-morte-da-mulher-em-oeiras","status":"publish","type":"post","link":"https:\/\/portalv1.com.br\/ex-prefeito-de-lagoa-do-sitio-e-julgado-pela-morte-da-mulher-em-oeiras\/","title":{"rendered":"Ex-prefeito de Lagoa do S\u00edtio \u00e9 julgado pela morte da mulher em Oeiras"},"content":{"rendered":"<p><a href=\"https:\/\/portalv1.com.br\/app\/wp-content\/uploads\/2018\/06\/prefeito34.jpg\"><img loading=\"lazy\" decoding=\"async\" class=\"aligncenter size-large wp-image-53593\" src=\"https:\/\/portalv1.com.br\/app\/wp-content\/uploads\/2018\/06\/prefeito34-640x426.jpg\" alt=\"\" width=\"640\" height=\"426\" srcset=\"https:\/\/portalv1.com.br\/app\/wp-content\/uploads\/2018\/06\/prefeito34-640x426.jpg 640w, https:\/\/portalv1.com.br\/app\/wp-content\/uploads\/2018\/06\/prefeito34-300x200.jpg 300w, https:\/\/portalv1.com.br\/app\/wp-content\/uploads\/2018\/06\/prefeito34.jpg 750w\" sizes=\"auto, (max-width: 640px) 100vw, 640px\" \/><\/a><\/p>\n<p>O ex-prefeito de Lagoa do S\u00edtio, Jos\u00e9 de Arimateia Rabelo, conhecido por Z\u00e9 Sim\u00e3o, est\u00e1 sendo julgado na manh\u00e3 desta segunda-feira(11), acusado de assassinar a pr\u00f3pria esposa Gercineide de Sousa Monteiro Rabelo, ent\u00e3o 35 anos no dia 10 de fevereiro de 2015.<\/p>\n<p>A mulher foi morta enquanto dormia em sua casa com um tiro no ouvido. Na \u00e9poca, a empregada dom\u00e9stica do casal, No\u00eamia Maria da Silva Barros, 43 anos, confirmou que o ent\u00e3o prefeito havia assassinado e esposa e ainda confessou manter uma rela\u00e7\u00e3o extra-conjugal com o gestor.<\/p>\n<p>A defesa do r\u00e9u pediu desaforamento de Valen\u00e7a para Oeiras. O j\u00fari popular acontece no audit\u00f3rio da 1\u00aa Vara de Oeiras, presidido pelo juiz Rafael Mendes Paludo. O promotor do caso tamb\u00e9m \u00e9 de Oeiras, Marcondes Pereira de Oliveira. A defesa \u00e9 feita pelo advogado Nazareno Th\u00e9.<\/p>\n<p><img loading=\"lazy\" decoding=\"async\" class=\"aligncenter size-large wp-image-53592\" src=\"https:\/\/portalv1.com.br\/app\/wp-content\/uploads\/2018\/06\/primeira_dama1-640x427.jpg\" alt=\"\" width=\"640\" height=\"427\" srcset=\"https:\/\/portalv1.com.br\/app\/wp-content\/uploads\/2018\/06\/primeira_dama1.jpg 640w, https:\/\/portalv1.com.br\/app\/wp-content\/uploads\/2018\/06\/primeira_dama1-300x200.jpg 300w\" sizes=\"auto, (max-width: 640px) 100vw, 640px\" \/><\/p>\n<p>Devem ser ouvidas 14 testemunhas, sendo oito de acusa\u00e7\u00e3o e seis de defesa. A empregada dom\u00e9stica que \u00e9 apontada como co-autora tamb\u00e9m deve ser ouvida como informante.<\/p>\n<p>Sete pessoas comp\u00f5em o j\u00fari popular, todos cidad\u00e3os oeirenses. O j\u00fari iniciou por volta das 9h30, iniciando pela oitiva das testemunhas, depois ser\u00e1 a vez da empregada dom\u00e9stica No\u00eamia e em seguida o r\u00e9u, para ent\u00e3o depois ter os debates de defesa e acusa\u00e7\u00e3o.&nbsp;<\/p>\n<p>\u201cA expectativa \u00e9 que o j\u00fari n\u00e3o termine hoje, por isso j\u00e1 preparamos um estrutura para deixar os jurados e testemunhas isolados\u201d, disse um funcion\u00e1rio do F\u00f3rum \u00e0 reportagem<strong>.<\/strong><\/p>\n<p>O audit\u00f3rio para 118 pessoas, muitas delas de Lagoa do S\u00edtio e de Valen\u00e7a se deslocaram para acompanhar o julgamento.&nbsp;<\/p>\n<p>No\u00eamia tamb\u00e9m ser\u00e1 julgada pelo mesmo crime, como coautora, mas o processo est\u00e1 em recurso no Superior Tribunal de Justi\u00e7a (STJ) e o j\u00fari popular deve acontecer na comarca de origem em Valen\u00e7a.&nbsp;&nbsp;<\/p>\n<p>O j\u00fari do ex-prefeito foi transferido para Oeiras por determina\u00e7\u00e3o do Tribunal de Justi\u00e7a do Piau\u00ed. \u201cFoi um pedido a parte feito no Tribunal de Justi\u00e7a pela defesa, que deferiu e determinou que os autos do processo fossem encaminhados de Valen\u00e7a para Oeiras\u201d, destacou o servidor.&nbsp;<\/p>\n<p>Fonte: Cidadeverde.com<\/p>\n","protected":false},"excerpt":{"rendered":"<p>O ex-prefeito de Lagoa do S\u00edtio, Jos\u00e9 de Arimateia Rabelo, conhecido por Z\u00e9 Sim\u00e3o, est\u00e1 sendo julgado na manh\u00e3 desta segunda-feira(11), acusado de assassinar a pr\u00f3pria esposa Gercineide de Sousa&#8230;<\/p>\n","protected":false},"author":1,"featured_media":53593,"comment_status":"open","ping_status":"open","sticky":false,"template":"","format":"standard","meta":{"ngg_post_thumbnail":0,"footnotes":""},"categories":[243],"tags":[],"class_list":["post-53591","post","type-post","status-publish","format-standard","has-post-thumbnail","hentry","category-geral"],"views":2641,"meta_data":{"thumb":"https:\/\/portalv1.com.br\/app\/wp-content\/uploads\/2018\/06\/prefeito34.jpg","imagem":{"fullsize":{"url":"https:\/\/portalv1.com.br\/app\/wp-content\/uploads\/2018\/06\/prefeito34.jpg","width":750,"height":499},"thumbnail":{"url":"https:\/\/portalv1.com.br\/app\/wp-content\/uploads\/2018\/06\/prefeito34-100x100.jpg","width":100,"height":100},"medium":{"url":"https:\/\/portalv1.com.br\/app\/wp-content\/uploads\/2018\/06\/prefeito34-300x200.jpg","width":300,"height":200},"large":{"url":"https:\/\/portalv1.com.br\/app\/wp-content\/uploads\/2018\/06\/prefeito34-640x426.jpg","width":640,"height":426}},"data":{"simple":"11\/06\/2018","date_time":"11\/06\/2018 12:19:36","date":"h\u00e1 8 anos"},"chapeu":"Julgamento ","source":"retirar"},"_links":{"self":[{"href":"https:\/\/portalv1.com.br\/api\/wp\/v2\/posts\/53591","targetHints":{"allow":["GET"]}}],"collection":[{"href":"https:\/\/portalv1.com.br\/api\/wp\/v2\/posts"}],"about":[{"href":"https:\/\/portalv1.com.br\/api\/wp\/v2\/types\/post"}],"author":[{"embeddable":true,"href":"https:\/\/portalv1.com.br\/api\/wp\/v2\/users\/1"}],"replies":[{"embeddable":true,"href":"https:\/\/portalv1.com.br\/api\/wp\/v2\/comments?post=53591"}],"version-history":[{"count":0,"href":"https:\/\/portalv1.com.br\/api\/wp\/v2\/posts\/53591\/revisions"}],"wp:featuredmedia":[{"embeddable":true,"href":"https:\/\/portalv1.com.br\/api\/wp\/v2\/media\/53593"}],"wp:attachment":[{"href":"https:\/\/portalv1.com.br\/api\/wp\/v2\/media?parent=53591"}],"wp:term":[{"taxonomy":"category","embeddable":true,"href":"https:\/\/portalv1.com.br\/api\/wp\/v2\/categories?post=53591"},{"taxonomy":"post_tag","embeddable":true,"href":"https:\/\/portalv1.com.br\/api\/wp\/v2\/tags?post=53591"}],"curies":[{"name":"wp","href":"https:\/\/api.w.org\/{rel}","templated":true}]}}