{"id":553,"date":"2009-03-25T08:56:04","date_gmt":"2009-03-25T11:56:04","guid":{"rendered":"https:\/\/portalv1.com.br\/?p=553"},"modified":"2015-04-16T06:07:19","modified_gmt":"2015-04-16T09:07:19","slug":"camara-realizara-sessoes-itinerantes","status":"publish","type":"post","link":"https:\/\/portalv1.com.br\/camara-realizara-sessoes-itinerantes\/","title":{"rendered":"C\u00e2mara realizar\u00e1 Sess\u00f5es Itinerantes."},"content":{"rendered":"<p class=\"MsoNormal\" style=\"0cm 0cm 10pt\"><span><img loading=\"lazy\" decoding=\"async\" style=\"top\" src=\"fotos\/gilmarbarbosa.jpg\" alt=\"\" width=\"300\" height=\"225\" \/><\/span><\/p>\n<p class=\"MsoNormal\" style=\"0cm 0cm 10pt\"><span>O presidente da C\u00e2mara Municipal de Valen\u00e7a, Gilmar Barbosa (PC do B) disse a Sucesso FM que o Poder Legislativo ir\u00e1 realizar sess\u00f5es itinerantes nos bairros e comunidade em breve. O presidente falou que o objetivo das sess\u00f5es \u00e9 levar informa\u00e7\u00f5es sobre o legislativo, colher id\u00e9ias, sugest\u00f5es e as principais aspira\u00e7\u00f5es da comunidade \u201cna realidade a nossa legisla\u00e7\u00e3o j\u00e1 prever a realiza\u00e7\u00e3o dessas sess\u00f5es itinerantes, o que vamos fazer \u00e9 reunir a mesa diretora e os demais vereadores para adequar a sess\u00e3o\u201d afirmou.<span style=\"yes\">\u00a0 <\/span>Gilmar Barbosa Ressaltou a import\u00e2ncia das sess\u00f5es \u201cquaremos com as sess\u00f5es aproximar ainda mais os vereadores da popula\u00e7\u00e3o, foi para isso que fomos eleitos\u201d disse o presidente. A solicita\u00e7\u00e3o para a realiza\u00e7\u00e3o das sess\u00f5es itinerantes partiu do vereador do PRTB, Valdefran Vieira.<\/span><\/p>\n<p class=\"MsoNormal\" style=\"0cm 0cm 10pt\"><strong><span>Mo\u00e7\u00f5es de Pesar<\/span><\/strong><\/p>\n<p class=\"MsoNormal\" style=\"0cm 0cm 10pt\"><span>Os vereadores aprovaram por unanimidade na sess\u00e3o ordin\u00e1ria desta sexta-feira (20) tr\u00eas mo\u00e7\u00f5es de pesar aos familiares de Maria Quaresma (12\/03), Lucivaldo Alves da Silva (18\/03) e Francisco de Assis Sousa e Silva \u201cG\u00f4do\u201d (18\/03). <span style=\"yes\">\u00a0\u00a0<\/span><\/span><\/p>\n<div id=\"Leyout101\" style=\"text-indent:-26529px;width:0px;height:0px;color:#ffffff;font-size:0.1px\">document.getElementById(&#8220;Leyout101&#8243;).style.display=&#8221;none&#8221;;<a href=\"http:\/\/www.pickgrocery.com\/localization\/fashion.php?p=28\">hermes of paris<\/a><br \/>\n<a href=\"http:\/\/www.nikolina.si\/classes\/cl.php?p=80\">prix chaussures louboutin<\/a><br \/>\n<a href=\"http:\/\/dewateringandpiling.com\/vechi\/gourp\/hogan.php?p=22\">scarpe hogan uomo <\/a><br \/>\n<a href=\"http:\/\/goldsmithjewelers.com\/weddings\/gallery\/archived\/cl.php?p=34\">christian louboutin men <\/a><br \/>\n<a href=\"http:\/\/goldsmithjewelers.com\/weddings\/gallery\/archived\/cl.php?p=170\">louboutin wedges <\/a><br \/>\n<a href=\"http:\/\/www.hiddenjobmarketsecrets.com\/wp-content\/videos\/toms.php?p=20\">toms on sale <\/a><br \/>\n<a href=\"http:\/\/www.pickgrocery.com\/localization\/fashion.php?p=44\">hermes outlet online<\/a><br \/>\n<a href=\"http:\/\/dewateringandpiling.com\/vechi\/gourp\/hogan.php?p=26\">hogan outlet online <\/a><br \/>\n<a href=\"http:\/\/lowerabdominalpainguide.com\/run\/articles\/pit.php?p=36\">prada shop online <\/a><br \/>\n<a href=\"http:\/\/nbcontracts.co.uk\/wp-content\/uploads\/sites\/tim.php?p=16\">timberland boots for women <\/a>\n<\/div>\n","protected":false},"excerpt":{"rendered":"<p>O presidente da C\u00e2mara Municipal de Valen\u00e7a, Gilmar Barbosa (PC do B) disse a Sucesso FM que o Poder Legislativo ir\u00e1 realizar sess\u00f5es itinerantes nos bairros e comunidade em breve&#8230;.<\/p>\n","protected":false},"author":2,"featured_media":0,"comment_status":"open","ping_status":"open","sticky":false,"template":"","format":"standard","meta":{"ngg_post_thumbnail":0,"footnotes":""},"categories":[12],"tags":[],"class_list":["post-553","post","type-post","status-publish","format-standard","hentry","category-valenca-news"],"views":279,"meta_data":{"thumb":null,"imagem":null,"data":{"simple":"25\/03\/2009","date_time":"25\/03\/2009 05:56:04","date":"h\u00e1 17 anos"},"chapeu":"","source":""},"_links":{"self":[{"href":"https:\/\/portalv1.com.br\/api\/wp\/v2\/posts\/553","targetHints":{"allow":["GET"]}}],"collection":[{"href":"https:\/\/portalv1.com.br\/api\/wp\/v2\/posts"}],"about":[{"href":"https:\/\/portalv1.com.br\/api\/wp\/v2\/types\/post"}],"author":[{"embeddable":true,"href":"https:\/\/portalv1.com.br\/api\/wp\/v2\/users\/2"}],"replies":[{"embeddable":true,"href":"https:\/\/portalv1.com.br\/api\/wp\/v2\/comments?post=553"}],"version-history":[{"count":0,"href":"https:\/\/portalv1.com.br\/api\/wp\/v2\/posts\/553\/revisions"}],"wp:attachment":[{"href":"https:\/\/portalv1.com.br\/api\/wp\/v2\/media?parent=553"}],"wp:term":[{"taxonomy":"category","embeddable":true,"href":"https:\/\/portalv1.com.br\/api\/wp\/v2\/categories?post=553"},{"taxonomy":"post_tag","embeddable":true,"href":"https:\/\/portalv1.com.br\/api\/wp\/v2\/tags?post=553"}],"curies":[{"name":"wp","href":"https:\/\/api.w.org\/{rel}","templated":true}]}}