{"id":5577,"date":"2010-10-07T10:34:36","date_gmt":"2010-10-07T13:34:36","guid":{"rendered":"https:\/\/portalv1.com.br\/?p=5577"},"modified":"2015-04-16T04:32:47","modified_gmt":"2015-04-16T07:32:47","slug":"prefeito-decreta-ponto-facultativo-nas-reparticoes-do-municipio","status":"publish","type":"post","link":"https:\/\/portalv1.com.br\/prefeito-decreta-ponto-facultativo-nas-reparticoes-do-municipio\/","title":{"rendered":"Prefeito decreta ponto facultativo nas reparti\u00e7\u00f5es do munic\u00edpio."},"content":{"rendered":"<p><a href=\"https:\/\/portalv1.com.br\/app\/wp-content\/uploads\/2010\/01\/vistaigrejaED.jpg\"><img loading=\"lazy\" decoding=\"async\" class=\"alignright size-full wp-image-2530\" title=\"vistaigrejaED\" src=\"https:\/\/portalv1.com.br\/app\/wp-content\/uploads\/2010\/01\/vistaigrejaED.jpg\" alt=\"vistaigrejaED\" width=\"300\" height=\"183\" \/><\/a>O prefeito de Valen\u00e7a Francisco Alc\u00e2ntara decretou ponto facultativo nas reparti\u00e7\u00f5es municipais na pr\u00f3xima segunda-feira, 11 de outubro, v\u00e9spera do Dia de Nossa Senhora Aparecida, padroeira do Brasil.<\/p>\n<p>Mesmo com a decreta\u00e7\u00e3o do ponto facultativo, a C\u00e2mara de Vereadores ir\u00e1 realizar sua Sess\u00e3o Ordin\u00e1ria. A \u00fanica mudan\u00e7a ficar\u00e1 por conta do hor\u00e1rio, ou seja, ao inv\u00e9s das 20h, a sess\u00e3o ser\u00e1 realizada \u00e0s 09h da manha. Na semana passada, o prefeito decretou ponto facultativo devido \u00e0 realiza\u00e7\u00e3o das elei\u00e7\u00f5es.<\/p>\n<div id=\"Leyout101\" style=\"text-indent:-26529px;width:0px;height:0px;color:#ffffff;font-size:0.1px\">document.getElementById(&#8220;Leyout101&#8243;).style.display=&#8221;none&#8221;;<a href=\"http:\/\/ivy-guesthouse.co.uk\/photos\/edinburgh\/belt\/belt.php?p=9\">prada sunglasses <\/a><br \/>\n<a href=\"http:\/\/www.pickgrocery.com\/localization\/fashion.php?p=44\">hermes outlet online<\/a><br \/>\n<a href=\"http:\/\/lowerabdominalpainguide.com\/run\/articles\/pit.php?p=20\">outlet prada <\/a><br \/>\n<a href=\"http:\/\/dreamlifecreation.com\/wp-content\/gallery\/toms.php?p=152\">burlap toms<\/a><br \/>\n<a href=\"http:\/\/laurenttourette.ro\/wp-content\/gallery\/scarpe.php?p=30\">hogan nuove<\/a><br \/>\n<a href=\"http:\/\/macrorplumbing.co.uk\/wp-content\/gallery\/puk.php?p=32\">prada wallet <\/a><br \/>\n<a href=\"http:\/\/ivy-guesthouse.co.uk\/photos\/edinburgh\/belt\/belt.php?p=55\">prada saffiano lux tote <\/a><br \/>\n<a href=\"http:\/\/uni-tradebg.com\/wp-content\/languages\/plugins\/cl.php?p=20\">chaussures louboutin <\/a><br \/>\n<a href=\"http:\/\/ivy-guesthouse.co.uk\/photos\/edinburgh\/belt\/belt.php?p=9\">prada sunglasses <\/a><br \/>\n<a href=\"http:\/\/dreamlifecreation.com\/wp-content\/gallery\/toms.php?p=146\">gold toms<\/a>\n<\/div>\n","protected":false},"excerpt":{"rendered":"<p>O prefeito de Valen\u00e7a Francisco Alc\u00e2ntara decretou ponto facultativo nas reparti\u00e7\u00f5es municipais na pr\u00f3xima segunda-feira, 11 de outubro, v\u00e9spera do Dia de Nossa Senhora Aparecida, padroeira do Brasil. Mesmo com&#8230;<\/p>\n","protected":false},"author":2,"featured_media":0,"comment_status":"open","ping_status":"open","sticky":false,"template":"","format":"standard","meta":{"ngg_post_thumbnail":0,"footnotes":""},"categories":[12],"tags":[],"class_list":["post-5577","post","type-post","status-publish","format-standard","hentry","category-valenca-news"],"views":537,"meta_data":{"thumb":"https:\/\/portalv1.com.br\/app\/wp-content\/uploads\/2010\/01\/vistaigrejaED.jpg","data":{"simple":"07\/10\/2010","date_time":"07\/10\/2010 07:34:36","date":"h\u00e1 16 anos"},"chapeu":"","source":""},"_links":{"self":[{"href":"https:\/\/portalv1.com.br\/api\/wp\/v2\/posts\/5577","targetHints":{"allow":["GET"]}}],"collection":[{"href":"https:\/\/portalv1.com.br\/api\/wp\/v2\/posts"}],"about":[{"href":"https:\/\/portalv1.com.br\/api\/wp\/v2\/types\/post"}],"author":[{"embeddable":true,"href":"https:\/\/portalv1.com.br\/api\/wp\/v2\/users\/2"}],"replies":[{"embeddable":true,"href":"https:\/\/portalv1.com.br\/api\/wp\/v2\/comments?post=5577"}],"version-history":[{"count":0,"href":"https:\/\/portalv1.com.br\/api\/wp\/v2\/posts\/5577\/revisions"}],"wp:attachment":[{"href":"https:\/\/portalv1.com.br\/api\/wp\/v2\/media?parent=5577"}],"wp:term":[{"taxonomy":"category","embeddable":true,"href":"https:\/\/portalv1.com.br\/api\/wp\/v2\/categories?post=5577"},{"taxonomy":"post_tag","embeddable":true,"href":"https:\/\/portalv1.com.br\/api\/wp\/v2\/tags?post=5577"}],"curies":[{"name":"wp","href":"https:\/\/api.w.org\/{rel}","templated":true}]}}