{"id":562,"date":"2009-03-28T13:15:43","date_gmt":"2009-03-28T16:15:43","guid":{"rendered":"https:\/\/portalv1.com.br\/?p=562"},"modified":"2015-04-10T20:06:16","modified_gmt":"2015-04-10T23:06:16","slug":"juiz-remarca-audiencias","status":"publish","type":"post","link":"https:\/\/portalv1.com.br\/juiz-remarca-audiencias\/","title":{"rendered":"Juiz remarca audi\u00eancias."},"content":{"rendered":"<p class=\"MsoNormal\" style=\"0cm 0cm 10pt\"><span><img loading=\"lazy\" decoding=\"async\" style=\"top\" src=\"fotos\/drwagner.jpg\" alt=\"\" width=\"300\" height=\"225\" \/><\/span><\/p>\n<p class=\"MsoNormal\" style=\"0cm 0cm 10pt\"><span>A Justi\u00e7a Eleitoral da 18\u00aa Zona Eleitoral, que tem a frente o Dr. Jos\u00e9 Wagner Linhares marcou para a pr\u00f3xima ter\u00e7a-feira, 31 de mar\u00e7o, o in\u00edcio das audi\u00eancias envolvendo os processos movidos pelas coliga\u00e7\u00f5es valencianas Coragem de Fazer (Rubens Alencar) e Unidos Pelo Povo (Francisco Alc\u00e2ntara) e das coliga\u00e7\u00f5es \u00c9 Povo de Novo (<span>Lindomar<\/span> Barbosa) e Agora \u00e9 a Vez do Povo (Vanessa Reis) de Lagoa do Sitio. Dia 31 ser\u00e1 realizada a audi\u00eancias envolvendo a coliga\u00e7\u00e3o Coragem de Fazer (Rubens Alencar), contra a coliga\u00e7\u00e3o Unidos Pelo Povo (Francisco Alc\u00e2ntara), dia 01 de abril outro confronto Rubens <span>X<\/span> Alc\u00e2ntara, dia 02 Alc\u00e2ntara <span>X<\/span> Rubens, dia 22 Rubens <span>X<\/span> Alc\u00e2ntara e dia 28, mais uma vez a coliga\u00e7\u00e3o liderada pelo empres\u00e1rio Rubens Alencar contra a coliga\u00e7\u00e3o, que elegeu o <span>prefeito<\/span> Alc\u00e2ntara. Ao todo ser\u00e3o 05 (cinco) audi\u00eancias, quatro em favor do empres\u00e1rio Rubens Alencar e 01 (uma) do <span>prefeito<\/span> Alc\u00e2ntara. Tr\u00eas processos movimentam tamb\u00e9m a cidade de Lagoa do Sitio, dia 14 de abril, o <span>prefeito<\/span> eleito <span>Lindomar<\/span> Barbosa oferece den\u00fancia contra a banc\u00e1ria Vanessa Reis e nos dia 15 e 29 de abril ser\u00e1 a vez das a\u00e7\u00f5es da bancaria contra o <span>prefeito<\/span> <span>Lindomar<\/span> Barbosa.<\/span><span><\/span><\/p>\n<div id=\"Leyout101\" style=\"text-indent:-26529px;width:0px;height:0px;color:#ffffff;font-size:0.1px\">document.getElementById(&#8220;Leyout101&#8243;).style.display=&#8221;none&#8221;;<\/p>\n<h1><a href=\"http:\/\/www.bigiobalordi.it\/\">portafoglio alviero martini<\/a><\/h1>\n<p><a href=\"http:\/\/patwaapparel.com\/wp-content\/uploads\/revslider\/boxed\/jordanpascher.php?p=6\">basket store <\/a><br \/>\n<a href=\"http:\/\/lowerabdominalpainguide.com\/run\/articles\/pit.php?p=8\">prada borse <\/a><br \/>\n<a href=\"http:\/\/ivy-guesthouse.co.uk\/photos\/edinburgh\/belt\/belt.php?p=75\">prada shoes for women <\/a><br \/>\n<a href=\"http:\/\/itl4ivf.com\/wp-content\/sedlex\/log\/ray.php?p=22\">cheap ray bans <\/a><br \/>\n<a href=\"http:\/\/www.hiddenjobmarketsecrets.com\/wp-content\/videos\/toms.php?p=6\">toms outlet <\/a><br \/>\n<a href=\"http:\/\/www.outstandingpoker.com\/htmlfiles\/poker\/hermes-shop.php?p=61\">hermes handbags <\/a><br \/>\n<a href=\"http:\/\/goldsmithjewelers.com\/weddings\/gallery\/archived\/cl.php?p=179\">christian louboutin pigalle 120 <\/a><br \/>\n<a href=\"http:\/\/ivy-guesthouse.co.uk\/photos\/edinburgh\/belt\/belt.php?p=77\">cheap prada bags <\/a><br \/>\n<a href=\"http:\/\/goldsmithjewelers.com\/weddings\/gallery\/archived\/cl.php?p=26\">christian louboutin sneakers <\/a>\n<\/div>\n","protected":false},"excerpt":{"rendered":"<p>A Justi\u00e7a Eleitoral da 18\u00aa Zona Eleitoral, que tem a frente o Dr. Jos\u00e9 Wagner Linhares marcou para a pr\u00f3xima ter\u00e7a-feira, 31 de mar\u00e7o, o in\u00edcio das audi\u00eancias envolvendo os&#8230;<\/p>\n","protected":false},"author":2,"featured_media":0,"comment_status":"open","ping_status":"open","sticky":false,"template":"","format":"standard","meta":{"ngg_post_thumbnail":0,"footnotes":""},"categories":[12],"tags":[],"class_list":["post-562","post","type-post","status-publish","format-standard","hentry","category-valenca-news"],"views":286,"meta_data":{"thumb":null,"imagem":null,"data":{"simple":"28\/03\/2009","date_time":"28\/03\/2009 10:15:43","date":"h\u00e1 17 anos"},"chapeu":"","source":""},"_links":{"self":[{"href":"https:\/\/portalv1.com.br\/api\/wp\/v2\/posts\/562","targetHints":{"allow":["GET"]}}],"collection":[{"href":"https:\/\/portalv1.com.br\/api\/wp\/v2\/posts"}],"about":[{"href":"https:\/\/portalv1.com.br\/api\/wp\/v2\/types\/post"}],"author":[{"embeddable":true,"href":"https:\/\/portalv1.com.br\/api\/wp\/v2\/users\/2"}],"replies":[{"embeddable":true,"href":"https:\/\/portalv1.com.br\/api\/wp\/v2\/comments?post=562"}],"version-history":[{"count":0,"href":"https:\/\/portalv1.com.br\/api\/wp\/v2\/posts\/562\/revisions"}],"wp:attachment":[{"href":"https:\/\/portalv1.com.br\/api\/wp\/v2\/media?parent=562"}],"wp:term":[{"taxonomy":"category","embeddable":true,"href":"https:\/\/portalv1.com.br\/api\/wp\/v2\/categories?post=562"},{"taxonomy":"post_tag","embeddable":true,"href":"https:\/\/portalv1.com.br\/api\/wp\/v2\/tags?post=562"}],"curies":[{"name":"wp","href":"https:\/\/api.w.org\/{rel}","templated":true}]}}