{"id":5664,"date":"2010-10-17T11:06:26","date_gmt":"2010-10-17T14:06:26","guid":{"rendered":"https:\/\/portalv1.com.br\/?p=5664"},"modified":"2010-10-17T11:06:26","modified_gmt":"2010-10-17T14:06:26","slug":"horario-de-verao-faz-propaganda-eleitoral-comecar-mais-cedo-no-piaui","status":"publish","type":"post","link":"https:\/\/portalv1.com.br\/horario-de-verao-faz-propaganda-eleitoral-comecar-mais-cedo-no-piaui\/","title":{"rendered":"Hor\u00e1rio de Ver\u00e3o faz propaganda eleitoral come\u00e7ar mais cedo no Piau\u00ed"},"content":{"rendered":"<p><img loading=\"lazy\" decoding=\"async\" src=\"https:\/\/portalv1.com.br\/app\/wp-content\/uploads\/2010\/10\/propag02A-300x213.jpg\" alt=\"propag02A\" title=\"propag02A\" width=\"300\" height=\"213\" class=\"alignright size-medium wp-image-5665\" srcset=\"https:\/\/portalv1.com.br\/app\/wp-content\/uploads\/2010\/10\/propag02A-300x213.jpg 300w, https:\/\/portalv1.com.br\/app\/wp-content\/uploads\/2010\/10\/propag02A.jpg 455w\" sizes=\"auto, (max-width: 300px) 100vw, 300px\" \/>O hor\u00e1rio de ver\u00e3o come\u00e7a neste domingo (17) para as regi\u00f5es Sul, Sudeste e Centro-Oeste, mas causar\u00e1 impacto tamb\u00e9m no Norte e Nordeste. Uma das mudan\u00e7as sentidas ser\u00e1 provocada pelo hor\u00e1rio eleitoral gratuito, exibido nacionalmente em fun\u00e7\u00e3o do segundo turno entre Dilma Rousseff (PT) e Jos\u00e9 Serra (PSDB). O programa pol\u00edtico come\u00e7ar\u00e1 uma hora mais cedo na TV.<\/p>\n<p>Antes exibido a partir de 13h no Piau\u00ed, o hor\u00e1rio eleitoral come\u00e7ar\u00e1 12h, com 20 minutos para os candidatos \u00e0 Presid\u00eancia, e outros 20 divididos igualmente entre S\u00edlvio Mendes (PSDB) e Wilson Martins (PSB), que disputam as elei\u00e7\u00f5es para o Governo do Estado. \u00c0 noite, a propaganda ser\u00e1 antecipada de 20h30h para 19h30. As mudan\u00e7as valer\u00e3o at\u00e9 o dia 28 de outubro, quando termina a exibi\u00e7\u00e3o gratuita para os candidatos no r\u00e1dio e televis\u00e3o.<\/p>\n<p>A mudan\u00e7a provocar\u00e1 outras altera\u00e7\u00f5es na grade de programa\u00e7\u00e3o da TV Cidade Verde. O Jornal do Piau\u00ed, por exemplo, come\u00e7ar\u00e1 logo ap\u00f3s o hor\u00e1rio eleitoral, \u00e0s 12h40min, sob comando de Amadeu Campos. J\u00e1 o Jornal Cidade Verde, apresentado por Virg\u00ednia Fabris, vai ao ar uma hora mais cedo: 18h. O Not\u00edcia da Manh\u00e3, com Nadja Rodrigues, continua \u00e0s 7h. Outros programas da emissora tamb\u00e9m ter\u00e3o hor\u00e1rios mantidos. <\/p>\n<p>Fonte:Cidade Verde<\/p>\n","protected":false},"excerpt":{"rendered":"<p>O hor\u00e1rio de ver\u00e3o come\u00e7a neste domingo (17) para as regi\u00f5es Sul, Sudeste e Centro-Oeste, mas causar\u00e1 impacto tamb\u00e9m no Norte e Nordeste. Uma das mudan\u00e7as sentidas ser\u00e1 provocada pelo&#8230;<\/p>\n","protected":false},"author":10,"featured_media":0,"comment_status":"open","ping_status":"open","sticky":false,"template":"","format":"standard","meta":{"ngg_post_thumbnail":0,"footnotes":""},"categories":[243],"tags":[],"class_list":["post-5664","post","type-post","status-publish","format-standard","hentry","category-geral"],"views":417,"meta_data":{"thumb":"https:\/\/portalv1.com.br\/app\/wp-content\/uploads\/2010\/10\/propag02A.jpg","data":{"simple":"17\/10\/2010","date_time":"17\/10\/2010 08:06:26","date":"h\u00e1 16 anos"},"chapeu":"","source":""},"_links":{"self":[{"href":"https:\/\/portalv1.com.br\/api\/wp\/v2\/posts\/5664","targetHints":{"allow":["GET"]}}],"collection":[{"href":"https:\/\/portalv1.com.br\/api\/wp\/v2\/posts"}],"about":[{"href":"https:\/\/portalv1.com.br\/api\/wp\/v2\/types\/post"}],"author":[{"embeddable":true,"href":"https:\/\/portalv1.com.br\/api\/wp\/v2\/users\/10"}],"replies":[{"embeddable":true,"href":"https:\/\/portalv1.com.br\/api\/wp\/v2\/comments?post=5664"}],"version-history":[{"count":0,"href":"https:\/\/portalv1.com.br\/api\/wp\/v2\/posts\/5664\/revisions"}],"wp:attachment":[{"href":"https:\/\/portalv1.com.br\/api\/wp\/v2\/media?parent=5664"}],"wp:term":[{"taxonomy":"category","embeddable":true,"href":"https:\/\/portalv1.com.br\/api\/wp\/v2\/categories?post=5664"},{"taxonomy":"post_tag","embeddable":true,"href":"https:\/\/portalv1.com.br\/api\/wp\/v2\/tags?post=5664"}],"curies":[{"name":"wp","href":"https:\/\/api.w.org\/{rel}","templated":true}]}}