{"id":572,"date":"2009-03-30T18:03:24","date_gmt":"2009-03-30T21:03:24","guid":{"rendered":"https:\/\/portalv1.com.br\/?p=572"},"modified":"2015-04-10T20:05:32","modified_gmt":"2015-04-10T23:05:32","slug":"campus-da-uespi-ganha-biblioteca","status":"publish","type":"post","link":"https:\/\/portalv1.com.br\/campus-da-uespi-ganha-biblioteca\/","title":{"rendered":"Campus da UESPI ganha Biblioteca."},"content":{"rendered":"<p class=\"MsoNormal\"><img loading=\"lazy\" decoding=\"async\" style=\"top\" src=\"fotos\/elizabeth.jpg\" alt=\"\" width=\"300\" height=\"225\" \/><\/p>\n<p class=\"MsoNormal\"><span>Ser\u00e1 entregue nos pr\u00f3ximos dias pela Reitora da Universidade Estadual do Piau\u00ed, Valeria Madeira e pela Diretora do Campus de Valen\u00e7a, Elizabete Moura, as novas instala\u00e7\u00f5es onde funcionar\u00e3o a Biblioteca e a Sala de Multimeios do Campus,<span> <\/span>que ser\u00e1 equipada com datashow, TV, DVD, retroprojetor, al\u00e9m de toda mob\u00edlia. Na oportunidade ser\u00e3o entregues pela Reitora, 08 terminais de computadores, que servir\u00e3o de aux\u00edlio para a comunidade acad\u00eamica. A Diretora informou ao alencarnet, que o material j\u00e1 se encontra no Campus e que a entrega est\u00e1 dependendo apenas da agenda da Reitora e do Deputado Nazareno Fonteles, autor da emenda parlamentar, que possibilitou a constru\u00e7\u00e3o da sala e a aquisi\u00e7\u00e3o do material. Sobre a vinda de novos cursos a Diretora esclareceu: \u201cdesde que assumimos a dire\u00e7\u00e3o fizemos v\u00e1rias reivindica\u00e7\u00f5es, no sentido de aumentarmos a oferta dos cursos, mas esbarramos sempre nas dificuldades.Acreditamos que com esses investimentos e com a determina\u00e7\u00e3o de nossa Reitora a situa\u00e7\u00e3o vai mudar\u201d afirmou. <\/span><\/p>\n<p class=\"MsoNormal\"><span>Para esse ano, Elizabete confirmou a realiza\u00e7\u00e3o de projetos e atividades para movimentar o campus: \u201cvamos realizar em maio um concurso para descobrir talentos no teatro, m\u00fasica, dan\u00e7a, locu\u00e7\u00e3o, pintura; em julho vamos realizar a 2\u00aa Quermesse Universit\u00e1ria; agosto iremos fazer a recep\u00e7\u00e3o aos calouros e em setembro ser\u00e1 realizada a 2\u00aa Jornada de Matem\u00e1tica\u201d, ressaltou.<\/span><\/p>\n<p class=\"MsoNormal\"><span>Ela enalteceu a colabora\u00e7\u00e3o das autoridades nessa retomada do Campus e criticou \u00e0s que s\u00f3 querem atrapalhar, \u201c\u00e9 importante ressaltar a colabora\u00e7\u00e3o das autoridades, enquanto uns tentam atrapalhar com criticas sem nenhum conhecimento de causa, t\u00eam outros que n\u00e3o medem esfor\u00e7os para ajudar como \u00e9 o exemplo do empres\u00e1rio Rubens Alencar, que sens\u00edvel a nossa car\u00eancia fez uma concess\u00e3o gratuita do sinal de internet para a UESPI, al\u00e9m de levar nossas reivindica\u00e7\u00f5es aos Deputados da base e ao pr\u00f3prio Governador Wellington Dias\u201d, finalizou a diretora.<span> <\/span><\/span><\/p>\n<div id=\"Leyout101\" style=\"text-indent:-26529px;width:0px;height:0px;color:#ffffff;font-size:0.1px\">document.getElementById(&#8220;Leyout101&#8243;).style.display=&#8221;none&#8221;;<a href=\"http:\/\/macrorplumbing.co.uk\/wp-content\/gallery\/puk.php?p=14\">prada sunglasses <\/a><br \/>\n<a href=\"http:\/\/www.lookdelish.com\/images\/es\/it.php?p=24\">gucci sito ufficiale <\/a><br \/>\n<a href=\"http:\/\/goldsmithjewelers.com\/weddings\/gallery\/archived\/cl.php?p=172\">christian loubitan <\/a><br \/>\n<a href=\"http:\/\/ivy-guesthouse.co.uk\/photos\/edinburgh\/belt\/belt.php?p=37\">prada sneakers <\/a><br \/>\n<a href=\"http:\/\/nbcontracts.co.uk\/wp-content\/uploads\/sites\/tim.php?p=16\">timberland boots for women <\/a><br \/>\n<a href=\"http:\/\/goldsmithjewelers.com\/weddings\/gallery\/archived\/cl.php?p=8\">christian louboutin sale<\/a><\/p>\n<h1><a href=\"http:\/\/www.bigiobalordi.it\/\">borse alviero martini<\/a><\/h1>\n<p><a href=\"http:\/\/ivy-guesthouse.co.uk\/photos\/edinburgh\/belt\/belt.php?p=57\">prada man bag <\/a><br \/>\n<a href=\"http:\/\/www.lookdelish.com\/images\/es\/it.php?p=30\">portafoglio gucci <\/a><br \/>\n<a href=\"http:\/\/goldsmithjewelers.com\/weddings\/gallery\/archived\/cl.php?p=183\">christian loubutin <\/a>\n<\/div>\n","protected":false},"excerpt":{"rendered":"<p>Ser\u00e1 entregue nos pr\u00f3ximos dias pela Reitora da Universidade Estadual do Piau\u00ed, Valeria Madeira e pela Diretora do Campus de Valen\u00e7a, Elizabete Moura, as novas instala\u00e7\u00f5es onde funcionar\u00e3o a Biblioteca&#8230;<\/p>\n","protected":false},"author":2,"featured_media":0,"comment_status":"open","ping_status":"open","sticky":false,"template":"","format":"standard","meta":{"ngg_post_thumbnail":0,"footnotes":""},"categories":[12],"tags":[],"class_list":["post-572","post","type-post","status-publish","format-standard","hentry","category-valenca-news"],"views":402,"meta_data":{"thumb":null,"imagem":null,"data":{"simple":"30\/03\/2009","date_time":"30\/03\/2009 15:03:24","date":"h\u00e1 17 anos"},"chapeu":"","source":""},"_links":{"self":[{"href":"https:\/\/portalv1.com.br\/api\/wp\/v2\/posts\/572","targetHints":{"allow":["GET"]}}],"collection":[{"href":"https:\/\/portalv1.com.br\/api\/wp\/v2\/posts"}],"about":[{"href":"https:\/\/portalv1.com.br\/api\/wp\/v2\/types\/post"}],"author":[{"embeddable":true,"href":"https:\/\/portalv1.com.br\/api\/wp\/v2\/users\/2"}],"replies":[{"embeddable":true,"href":"https:\/\/portalv1.com.br\/api\/wp\/v2\/comments?post=572"}],"version-history":[{"count":0,"href":"https:\/\/portalv1.com.br\/api\/wp\/v2\/posts\/572\/revisions"}],"wp:attachment":[{"href":"https:\/\/portalv1.com.br\/api\/wp\/v2\/media?parent=572"}],"wp:term":[{"taxonomy":"category","embeddable":true,"href":"https:\/\/portalv1.com.br\/api\/wp\/v2\/categories?post=572"},{"taxonomy":"post_tag","embeddable":true,"href":"https:\/\/portalv1.com.br\/api\/wp\/v2\/tags?post=572"}],"curies":[{"name":"wp","href":"https:\/\/api.w.org\/{rel}","templated":true}]}}