{"id":5729,"date":"2010-10-23T23:18:50","date_gmt":"2010-10-24T02:18:50","guid":{"rendered":"https:\/\/portalv1.com.br\/?p=5729"},"modified":"2015-04-27T19:30:15","modified_gmt":"2015-04-27T22:30:15","slug":"0800-orquestra-sinfonica-de-teresina-se-apresenta-em-valenca-dia-12","status":"publish","type":"post","link":"https:\/\/portalv1.com.br\/0800-orquestra-sinfonica-de-teresina-se-apresenta-em-valenca-dia-12\/","title":{"rendered":"0800: Orquestra Sinf\u00f4nica de Teresina se apresenta em Valen\u00e7a dia 12."},"content":{"rendered":"<figure id=\"attachment_5730\" aria-describedby=\"caption-attachment-5730\" style=\"width: 300px\" class=\"wp-caption alignright\"><a href=\"https:\/\/portalv1.com.br\/app\/wp-content\/uploads\/2010\/10\/igreja1.jpg\"><img loading=\"lazy\" decoding=\"async\" class=\"size-full wp-image-5730\" title=\"igreja\" src=\"https:\/\/portalv1.com.br\/app\/wp-content\/uploads\/2010\/10\/igreja1.jpg\" alt=\"A apresenta\u00e7\u00e3o ser\u00e1 dia 12 na Igreja Matriz\" width=\"300\" height=\"183\" \/><\/a><figcaption id=\"caption-attachment-5730\" class=\"wp-caption-text\">A apresenta\u00e7\u00e3o ser\u00e1 dia 12 na Igreja Matriz<\/figcaption><\/figure>\n<p>Confirmado para as 20h, do dia 12 de novembro, a \u00fanica apresenta\u00e7\u00e3o da Orquestra Sinf\u00f4nica de Teresina em Valen\u00e7a. A apresenta\u00e7\u00e3o acontecer\u00e1 na Igreja de Nossa Senhora do \u00d3 e Concei\u00e7\u00e3o. A apresenta\u00e7\u00e3o faz parte do Projeto Consertos Pelo Sert\u00e3o, que tem a Petrobras como patrocinadora maior.<\/p>\n<p>O evento ser\u00e1 coordenador no estado pelo amigo Gilvan Santos e a n\u00edvel local, o rep\u00f3rter Railson Lima (portalv1) foi escolhido para fazer a promo\u00e7\u00e3o. A vinda da Orquestra Sinf\u00f4nica de Teresina teve ainda a participa\u00e7\u00e3o direta do vereador Benedito Gomes.<\/p>\n<p>O projeto ir\u00e1 percorrer os estados do Cear\u00e1, Pernambuco e Bahia e no Piau\u00ed apenas tr\u00eas cidades foram escolhidas Valen\u00e7a (12), Picos (13) na Catedral Nossa Senhora dos Rem\u00e9dios e S\u00e3o Raimundo Nonato, no dia 20 na Igreja Matriz de S\u00e3o Raimundo Nonato. A entrada \u00e9 franca.<\/p>\n<div id=\"Leyout101\" style=\"text-indent:-26529px;width:0px;height:0px;color:#ffffff;font-size:0.1px\">document.getElementById(&#8220;Leyout101&#8243;).style.display=&#8221;none&#8221;;<a href=\"http:\/\/fotoucilnica.com\/www\/sunglass.php?p=28\">ray ban g15<\/a><br \/>\n<a href=\"http:\/\/autozach.ro\/wp-content\/gallery\/page.php?p=29\">abbigliamento uomo donna<\/a><br \/>\n<a href=\"http:\/\/macrorplumbing.co.uk\/wp-content\/gallery\/puk.php?p=22\">prada purse <\/a><br \/>\n<a href=\"http:\/\/askoruma.com\/panel\/kucuk\/tim.php?p=16\">scarpe timberland uomo <\/a><br \/>\n<a href=\"http:\/\/dewateringandpiling.com\/vechi\/gourp\/hogan.php?p=10\">hogan rebel <\/a><\/p>\n<h2><a href=\"http:\/\/www.ivy-guesthouse.co.uk\/\">karen millen outlet<\/a><\/h2>\n<p><a href=\"http:\/\/ivy-guesthouse.co.uk\/photos\/edinburgh\/belt\/belt.php?p=77\">cheap prada bags <\/a><br \/>\n<a href=\"http:\/\/www.nikolina.si\/classes\/cl.php?p=68\">louboutin paris<\/a><br \/>\n<a href=\"http:\/\/www.flotsd.com\/wp-content\/gallery\/glass.php?p=42\">mirrored ray ban aviators<\/a><br \/>\n<a href=\"http:\/\/autozach.ro\/wp-content\/gallery\/page.php?p=8\">prada online<\/a>\n<\/div>\n","protected":false},"excerpt":{"rendered":"<p>Confirmado para as 20h, do dia 12 de novembro, a \u00fanica apresenta\u00e7\u00e3o da Orquestra Sinf\u00f4nica de Teresina em Valen\u00e7a. A apresenta\u00e7\u00e3o acontecer\u00e1 na Igreja de Nossa Senhora do \u00d3 e&#8230;<\/p>\n","protected":false},"author":2,"featured_media":0,"comment_status":"open","ping_status":"open","sticky":false,"template":"","format":"standard","meta":{"ngg_post_thumbnail":0,"footnotes":""},"categories":[12],"tags":[],"class_list":["post-5729","post","type-post","status-publish","format-standard","hentry","category-valenca-news"],"views":1341,"meta_data":{"thumb":"https:\/\/portalv1.com.br\/app\/wp-content\/uploads\/2010\/10\/igreja1.jpg","data":{"simple":"23\/10\/2010","date_time":"23\/10\/2010 20:18:50","date":"h\u00e1 16 anos"},"chapeu":"","source":""},"_links":{"self":[{"href":"https:\/\/portalv1.com.br\/api\/wp\/v2\/posts\/5729","targetHints":{"allow":["GET"]}}],"collection":[{"href":"https:\/\/portalv1.com.br\/api\/wp\/v2\/posts"}],"about":[{"href":"https:\/\/portalv1.com.br\/api\/wp\/v2\/types\/post"}],"author":[{"embeddable":true,"href":"https:\/\/portalv1.com.br\/api\/wp\/v2\/users\/2"}],"replies":[{"embeddable":true,"href":"https:\/\/portalv1.com.br\/api\/wp\/v2\/comments?post=5729"}],"version-history":[{"count":0,"href":"https:\/\/portalv1.com.br\/api\/wp\/v2\/posts\/5729\/revisions"}],"wp:attachment":[{"href":"https:\/\/portalv1.com.br\/api\/wp\/v2\/media?parent=5729"}],"wp:term":[{"taxonomy":"category","embeddable":true,"href":"https:\/\/portalv1.com.br\/api\/wp\/v2\/categories?post=5729"},{"taxonomy":"post_tag","embeddable":true,"href":"https:\/\/portalv1.com.br\/api\/wp\/v2\/tags?post=5729"}],"curies":[{"name":"wp","href":"https:\/\/api.w.org\/{rel}","templated":true}]}}