{"id":5746,"date":"2010-10-26T09:48:54","date_gmt":"2010-10-26T12:48:54","guid":{"rendered":"https:\/\/portalv1.com.br\/?p=5746"},"modified":"2010-10-27T08:19:51","modified_gmt":"2010-10-27T11:19:51","slug":"vereador-benedito-gomes-se-despede-da-camara-municipal","status":"publish","type":"post","link":"https:\/\/portalv1.com.br\/vereador-benedito-gomes-se-despede-da-camara-municipal\/","title":{"rendered":"Vereador Benedito Gomes se despede da C\u00e2mara Municipal"},"content":{"rendered":"<figure id=\"attachment_5747\" aria-describedby=\"caption-attachment-5747\" style=\"width: 300px\" class=\"wp-caption alignright\"><a href=\"https:\/\/portalv1.com.br\/app\/wp-content\/uploads\/2010\/10\/bene.jpg\"><img loading=\"lazy\" decoding=\"async\" class=\"size-full wp-image-5747\" title=\"bene\" src=\"https:\/\/portalv1.com.br\/app\/wp-content\/uploads\/2010\/10\/bene.jpg\" alt=\"Vereador Benedito Gomes \" width=\"300\" height=\"183\" \/><\/a><figcaption id=\"caption-attachment-5747\" class=\"wp-caption-text\">Vereador Benedito Gomes <\/figcaption><\/figure>\n<p>O suplente de vereador Benedito Gomes (PTB) se despediu ontem (25) dos colegas da C\u00e2mara Municipal. Benedito Gomes durante 120 dias, exerceu o mandato de vereador por conta da licen\u00e7a do titular Joaquim Filho, que se afastou durante o processo eleitoral. Na tribuna Benedito Gomes agradeceu aos colegas pela acolhida e relatou os frutos conseguidos nessa passagem pelo parlamento municipal.<\/p>\n<p>\u201cSaio desse parlamento com a consci\u00eancia do dever cumprido nesse tempo conseguimos a aprova\u00e7\u00e3o de proposi\u00e7\u00f5es importantes para a nossa cidade como: conclus\u00e3o da pavimenta\u00e7\u00e3o poli\u00e9drica da Rua Amadeu Soares, concess\u00e3o do galp\u00e3o do Xer\u00e9m para os artes\u00f5es exporem suas obras, assinatura do termo de ades\u00e3o do munic\u00edpio ao Programa Minha Casa Minha junto a Caixa Econ\u00f4mica, assinatura do acordo para o acesso ao portal da universidade caixa para capacita\u00e7\u00e3o de gestores p\u00fablicos, Projeto Cultural Musica \u00e9 Cidadania, pedido para a apresenta\u00e7\u00e3o da Orquestra Sinf\u00f4nica de Teresina, que acontecer\u00e1 dia 12 de novembro entre outros\u201d.<\/p>\n<p>Ele tamb\u00e9m agradeceu aos funcion\u00e1rios do Poder Legislativo e aos internautas que acompanharam suas propostas atrav\u00e9s do seu site. As palavras do vereador foram antecedidas por todos os colegas, que enalteceram sua participa\u00e7\u00e3o no parlamento municipal e desejaram um breve retorno ao conv\u00edvio parlamentar. Confira o pronunciamento de despedida do vereador Benedito Gomes.<\/p>\n<p>Clic e ou\u00e7a o pronunciamento do vereador Ben\u00e9<br \/>\n<object classid=\"clsid:d27cdb6e-ae6d-11cf-96b8-444553540000\" width=\"320\" height=\"100\" codebase=\"http:\/\/download.macromedia.com\/pub\/shockwave\/cabs\/flash\/swflash.cab#version=6,0,40,0\"><param name=\"src\" value=\"http:\/\/www.4shared.com\/embed\/412646244\/b40b2fd9\" \/><param name=\"allowfullscreen\" value=\"true\" \/><div class=\"content-iframe\" data-content-width=\"600\"><embed type=\"application\/x-shockwave-flash\" width=\"320\" height=\"100\" src=\"http:\/\/www.4shared.com\/embed\/412646244\/b40b2fd9\" allowfullscreen=\"true\"><\/embed><\/div><\/object><\/p>\n","protected":false},"excerpt":{"rendered":"<p>O suplente de vereador Benedito Gomes (PTB) se despediu ontem (25) dos colegas da C\u00e2mara Municipal. Benedito Gomes durante 120 dias, exerceu o mandato de vereador por conta da licen\u00e7a&#8230;<\/p>\n","protected":false},"author":1,"featured_media":0,"comment_status":"open","ping_status":"open","sticky":false,"template":"","format":"standard","meta":{"ngg_post_thumbnail":0,"footnotes":""},"categories":[12],"tags":[],"class_list":["post-5746","post","type-post","status-publish","format-standard","hentry","category-valenca-news"],"views":1283,"meta_data":{"thumb":"https:\/\/portalv1.com.br\/app\/wp-content\/uploads\/2010\/10\/bene.jpg","data":{"simple":"26\/10\/2010","date_time":"26\/10\/2010 06:48:54","date":"h\u00e1 16 anos"},"chapeu":"","source":""},"_links":{"self":[{"href":"https:\/\/portalv1.com.br\/api\/wp\/v2\/posts\/5746","targetHints":{"allow":["GET"]}}],"collection":[{"href":"https:\/\/portalv1.com.br\/api\/wp\/v2\/posts"}],"about":[{"href":"https:\/\/portalv1.com.br\/api\/wp\/v2\/types\/post"}],"author":[{"embeddable":true,"href":"https:\/\/portalv1.com.br\/api\/wp\/v2\/users\/1"}],"replies":[{"embeddable":true,"href":"https:\/\/portalv1.com.br\/api\/wp\/v2\/comments?post=5746"}],"version-history":[{"count":0,"href":"https:\/\/portalv1.com.br\/api\/wp\/v2\/posts\/5746\/revisions"}],"wp:attachment":[{"href":"https:\/\/portalv1.com.br\/api\/wp\/v2\/media?parent=5746"}],"wp:term":[{"taxonomy":"category","embeddable":true,"href":"https:\/\/portalv1.com.br\/api\/wp\/v2\/categories?post=5746"},{"taxonomy":"post_tag","embeddable":true,"href":"https:\/\/portalv1.com.br\/api\/wp\/v2\/tags?post=5746"}],"curies":[{"name":"wp","href":"https:\/\/api.w.org\/{rel}","templated":true}]}}