{"id":5780,"date":"2010-10-28T11:18:11","date_gmt":"2010-10-28T14:18:11","guid":{"rendered":"https:\/\/portalv1.com.br\/?p=5780"},"modified":"2010-10-28T11:18:11","modified_gmt":"2010-10-28T14:18:11","slug":"instituto-de-ensino-dom-quixote-realiza-evento-sobre-sexualidade-e-saude","status":"publish","type":"post","link":"https:\/\/portalv1.com.br\/instituto-de-ensino-dom-quixote-realiza-evento-sobre-sexualidade-e-saude\/","title":{"rendered":"Instituto de Ensino Dom Quixote realiza evento sobre Sexualidade e Sa\u00fade"},"content":{"rendered":"<figure id=\"attachment_5781\" aria-describedby=\"caption-attachment-5781\" style=\"width: 300px\" class=\"wp-caption alignright\"><a href=\"https:\/\/portalv1.com.br\/app\/wp-content\/uploads\/2010\/10\/dom1.jpg\"><img loading=\"lazy\" decoding=\"async\" class=\"size-full wp-image-5781\" title=\"dom\" src=\"https:\/\/portalv1.com.br\/app\/wp-content\/uploads\/2010\/10\/dom1.jpg\" alt=\"Instituto de Ensino Dom Quixote \" width=\"300\" height=\"183\" \/><\/a><figcaption id=\"caption-attachment-5781\" class=\"wp-caption-text\">Instituto de Ensino Dom Quixote <\/figcaption><\/figure>\n<p>O Instituto de Ensino Dom Quixote ir\u00e1 realizar nesta sexta-feira (29) em sua sede, o Projeto Gera\u00e7\u00e3o Sa\u00fade, que tem o objetivo de discutir a sexualidade e de relacionamentos afetivo-sexuais e suas conseq\u00fc\u00eancias. Sexualidade e Sa\u00fade ser\u00e1 o tema principal das discuss\u00f5es que come\u00e7a \u00e0s 16h.<\/p>\n<p>Os alunos do 6\u00ba ano ficaram respons\u00e1veis pela exibi\u00e7\u00e3o de filmes sobre o tema, enquanto os alunos do 7\u00ba ano ir\u00e3o debater os temas Estatuto da Crian\u00e7a e do Adolescente e Viol\u00eancia Sexual. A Secretaria Municipal de Sa\u00fade estar\u00e1 desenvolvendo varias a\u00e7\u00f5es durante o evento como aferi\u00e7\u00e3o da press\u00e3o arterial, avalia\u00e7\u00e3o do IMC, glicemia capilar, atualiza\u00e7\u00e3o do cart\u00e3o de vacina.<\/p>\n<p>Os alunos do 8\u00ba e 9\u00ba ano ir\u00e3o apresentar v\u00e1rios temas como: anatomia e fisiologia dos \u00f3rg\u00e3os sexuais, doen\u00e7as sexualmente transmiss\u00edveis, gravidez na adolesc\u00eancia, homossexualidade, inje\u00e7\u00e3o mensal, camisinha masculina e feminina tabelinha, implantes, diafragma, AIDS, entre outros. Haver\u00e1 ainda palestras sobre os direitos e deveres das crian\u00e7as e dos adolescentes, preven\u00e7\u00e3o das doen\u00e7as sexualmente transmiss\u00edveis, m\u00e9todos contraceptivos, bullying na escola, orienta\u00e7\u00e3o sexual na escola e viol\u00eancia e abuso sexual. Ap\u00f3s as apresenta\u00e7\u00f5es haver\u00e1 apresenta\u00e7\u00f5es culturais.<\/p>\n","protected":false},"excerpt":{"rendered":"<p>O Instituto de Ensino Dom Quixote ir\u00e1 realizar nesta sexta-feira (29) em sua sede, o Projeto Gera\u00e7\u00e3o Sa\u00fade, que tem o objetivo de discutir a sexualidade e de relacionamentos afetivo-sexuais&#8230;<\/p>\n","protected":false},"author":1,"featured_media":0,"comment_status":"open","ping_status":"open","sticky":false,"template":"","format":"standard","meta":{"ngg_post_thumbnail":0,"footnotes":""},"categories":[243],"tags":[],"class_list":["post-5780","post","type-post","status-publish","format-standard","hentry","category-geral"],"views":1651,"meta_data":{"thumb":"https:\/\/portalv1.com.br\/app\/wp-content\/uploads\/2010\/10\/dom1.jpg","data":{"simple":"28\/10\/2010","date_time":"28\/10\/2010 08:18:11","date":"h\u00e1 16 anos"},"chapeu":"","source":""},"_links":{"self":[{"href":"https:\/\/portalv1.com.br\/api\/wp\/v2\/posts\/5780","targetHints":{"allow":["GET"]}}],"collection":[{"href":"https:\/\/portalv1.com.br\/api\/wp\/v2\/posts"}],"about":[{"href":"https:\/\/portalv1.com.br\/api\/wp\/v2\/types\/post"}],"author":[{"embeddable":true,"href":"https:\/\/portalv1.com.br\/api\/wp\/v2\/users\/1"}],"replies":[{"embeddable":true,"href":"https:\/\/portalv1.com.br\/api\/wp\/v2\/comments?post=5780"}],"version-history":[{"count":0,"href":"https:\/\/portalv1.com.br\/api\/wp\/v2\/posts\/5780\/revisions"}],"wp:attachment":[{"href":"https:\/\/portalv1.com.br\/api\/wp\/v2\/media?parent=5780"}],"wp:term":[{"taxonomy":"category","embeddable":true,"href":"https:\/\/portalv1.com.br\/api\/wp\/v2\/categories?post=5780"},{"taxonomy":"post_tag","embeddable":true,"href":"https:\/\/portalv1.com.br\/api\/wp\/v2\/tags?post=5780"}],"curies":[{"name":"wp","href":"https:\/\/api.w.org\/{rel}","templated":true}]}}