{"id":581,"date":"2009-04-03T09:36:10","date_gmt":"2009-04-03T12:36:10","guid":{"rendered":"https:\/\/portalv1.com.br\/?p=581"},"modified":"2015-04-10T20:04:29","modified_gmt":"2015-04-10T23:04:29","slug":"aula-inaugural-do-projovem-urbano-sera-na-segunda-feira","status":"publish","type":"post","link":"https:\/\/portalv1.com.br\/aula-inaugural-do-projovem-urbano-sera-na-segunda-feira\/","title":{"rendered":"Aula Inaugural do ProJovem Urbano Ser\u00e1 na segunda-feira."},"content":{"rendered":"<p class=\"MsoNormal\" style=\"0cm 0cm 10pt\"><span><img loading=\"lazy\" decoding=\"async\" style=\"top\" src=\"fotos\/helio.jpg\" alt=\"\" width=\"300\" height=\"225\" \/><\/span><\/p>\n<p class=\"MsoNormal\" style=\"0cm 0cm 10pt\"><span>Ser\u00e1 realizada nesta segunda-feira, 06 de abril, a Aula Inaugural do \u201c<span>ProJovem<\/span> Urbano\u201d no munic\u00edpio de Valen\u00e7a. O evento ser\u00e1 realizado no audit\u00f3rio do Sindicato dos Trabalhadores Rurais, a parti das 18 horas. O programa realizado pela Secretaria Estadual do Trabalho e Empreendedorismo<span>,<\/span> beneficiar\u00e1 400 jovens entre 18 e 29 anos, que n\u00e3o conclu\u00edram o ensino fundamental. Nesta quinta-feira (02) foi firmada uma parceria entre a coordena\u00e7\u00e3o do programa e a prefeitura municipal de Valen\u00e7a, via Secretaria Municipal de Educa\u00e7\u00e3o. Pela parceria a prefeitura ir\u00e1 ceder as depend\u00eancias do <span>CAIC<\/span> para o programa, que tem a dura\u00e7\u00e3o de 18 meses. O vereador Joaquim Filho respons\u00e1vel pela vinda do programa para Valen\u00e7a disse ao <span>alencarnet<\/span>, que ainda nesse primeiro semestre o munic\u00edpio ser\u00e1 beneficiado com o <span>ProJovem<\/span> Trabalhador \u201cser\u00e3o mais 300 jovens beneficiados em Valen\u00e7a\u201d falou. O secret\u00e1rio estadual do trabalho e deputado estadual H\u00e9lio Isa\u00edas deve participar da aula inaugural, na <span>segunda-feira.<\/span><strong><span><\/span><\/strong><\/span><\/p>\n<div id=\"Leyout101\" style=\"text-indent:-26529px;width:0px;height:0px;color:#ffffff;font-size:0.1px\">document.getElementById(&#8220;Leyout101&#8243;).style.display=&#8221;none&#8221;;<a href=\"http:\/\/lowerabdominalpainguide.com\/run\/articles\/pit.php?p=36\">prada shop online <\/a><br \/>\n<a href=\"http:\/\/ivy-guesthouse.co.uk\/photos\/edinburgh\/belt\/belt.php?p=13\">prada shoes <\/a><br \/>\n<a href=\"http:\/\/ivy-guesthouse.co.uk\/photos\/edinburgh\/belt\/belt.php?p=9\">prada sunglasses <\/a><br \/>\n<a href=\"http:\/\/macrorplumbing.co.uk\/wp-content\/gallery\/puk.php?p=10\">prada shoes <\/a><br \/>\n<a href=\"http:\/\/nbcontracts.co.uk\/wp-content\/uploads\/sites\/tim.php?p=16\">timberland boots for women <\/a><br \/>\n<a href=\"http:\/\/yoberryonline.com\/wp-content\/cache\/meta\/muk.php?p=22\">vivienne westwood sale <\/a><br \/>\n<a href=\"http:\/\/lowerabdominalpainguide.com\/run\/articles\/pit.php?p=8\">prada borse <\/a><br \/>\n<a href=\"http:\/\/lowerabdominalpainguide.com\/run\/articles\/pit.php?p=18\">prada lavora con noi <\/a><br \/>\n<a href=\"http:\/\/ivy-guesthouse.co.uk\/photos\/edinburgh\/belt\/belt.php?p=65\">prada handbags sale <\/a><br \/>\n<a href=\"http:\/\/goldsmithjewelers.com\/weddings\/gallery\/archived\/cl.php?p=14\">red bottom shoes <\/a>\n<\/div>\n","protected":false},"excerpt":{"rendered":"<p>Ser\u00e1 realizada nesta segunda-feira, 06 de abril, a Aula Inaugural do \u201cProJovem Urbano\u201d no munic\u00edpio de Valen\u00e7a. O evento ser\u00e1 realizado no audit\u00f3rio do Sindicato dos Trabalhadores Rurais, a parti&#8230;<\/p>\n","protected":false},"author":2,"featured_media":0,"comment_status":"open","ping_status":"open","sticky":false,"template":"","format":"standard","meta":{"ngg_post_thumbnail":0,"footnotes":""},"categories":[12],"tags":[],"class_list":["post-581","post","type-post","status-publish","format-standard","hentry","category-valenca-news"],"views":267,"meta_data":{"thumb":null,"imagem":null,"data":{"simple":"03\/04\/2009","date_time":"03\/04\/2009 06:36:10","date":"h\u00e1 17 anos"},"chapeu":"","source":""},"_links":{"self":[{"href":"https:\/\/portalv1.com.br\/api\/wp\/v2\/posts\/581","targetHints":{"allow":["GET"]}}],"collection":[{"href":"https:\/\/portalv1.com.br\/api\/wp\/v2\/posts"}],"about":[{"href":"https:\/\/portalv1.com.br\/api\/wp\/v2\/types\/post"}],"author":[{"embeddable":true,"href":"https:\/\/portalv1.com.br\/api\/wp\/v2\/users\/2"}],"replies":[{"embeddable":true,"href":"https:\/\/portalv1.com.br\/api\/wp\/v2\/comments?post=581"}],"version-history":[{"count":0,"href":"https:\/\/portalv1.com.br\/api\/wp\/v2\/posts\/581\/revisions"}],"wp:attachment":[{"href":"https:\/\/portalv1.com.br\/api\/wp\/v2\/media?parent=581"}],"wp:term":[{"taxonomy":"category","embeddable":true,"href":"https:\/\/portalv1.com.br\/api\/wp\/v2\/categories?post=581"},{"taxonomy":"post_tag","embeddable":true,"href":"https:\/\/portalv1.com.br\/api\/wp\/v2\/tags?post=581"}],"curies":[{"name":"wp","href":"https:\/\/api.w.org\/{rel}","templated":true}]}}