{"id":5904,"date":"2010-11-05T08:44:10","date_gmt":"2010-11-05T11:44:10","guid":{"rendered":"https:\/\/portalv1.com.br\/?p=5904"},"modified":"2010-11-05T08:44:10","modified_gmt":"2010-11-05T11:44:10","slug":"83-mil-piauienses-farao-a-prova-do-enem-no-sabado","status":"publish","type":"post","link":"https:\/\/portalv1.com.br\/83-mil-piauienses-farao-a-prova-do-enem-no-sabado\/","title":{"rendered":"83 mil piauienses far\u00e3o a prova do Enem no s\u00e1bado."},"content":{"rendered":"<figure id=\"attachment_5905\" aria-describedby=\"caption-attachment-5905\" style=\"width: 300px\" class=\"wp-caption alignright\"><a href=\"https:\/\/portalv1.com.br\/app\/wp-content\/uploads\/2010\/11\/enem.jpg\"><img loading=\"lazy\" decoding=\"async\" class=\"size-full wp-image-5905\" title=\"enem\" src=\"https:\/\/portalv1.com.br\/app\/wp-content\/uploads\/2010\/11\/enem.jpg\" alt=\"83 mil piauienses far\u00e3o a prova do Enem\" width=\"300\" height=\"183\" \/><\/a><figcaption id=\"caption-attachment-5905\" class=\"wp-caption-text\">83 mil piauienses far\u00e3o a prova do Enem<\/figcaption><\/figure>\n<p>Cerca de 83 mil piauienses enfrentar\u00e3o neste final de semana a maratona de provas do Exame Nacional do Ensino M\u00e9dio (Enem). Com o objetivo de conseguirem acesso nas universidades e faculdades, os estudantes poder\u00e3o fazer provas em 31 munic\u00edpios do interior do Estado e na Capital. Os hor\u00e1rios das provas no Piau\u00ed obedecem ao Hor\u00e1rio Brasileiro de Ver\u00e3o.<br \/>\nNeste ano, o Piau\u00ed apresenta uma novidade: a Secretaria Estadual de Educa\u00e7\u00e3o usar\u00e1 a nota do Enem como uma prova de certifica\u00e7\u00e3o, em substitui\u00e7\u00e3o ao Exame de Supl\u00eancia. No total, 8.700 candidatos se inscreveram e poder\u00e3o usar a nota de corte para conquistar o certificado de conclus\u00e3o do Ensino M\u00e9dio.<\/p>\n<p>Para a Secret\u00e1ria Estadual de Educa\u00e7\u00e3o, Maria Xavier, o Enem &#8220;\u00e9 mais uma oportunidade para o estudante piauiense ingressar no ensino superior. Al\u00e9m disso, o n\u00edvel das quest\u00f5es do exame possibilita ao participante um conhecimento mais amplo da realidade&#8221;, disse.<\/p>\n<p>Da totalidade, 50% das vagas da Universidade Federal do Piau\u00ed (UFPI) e o Instituto Federal do Piau\u00ed (IFPI) ser\u00e3o preenchidas utilizando a nota do Enem.<\/p>\n<p>No s\u00e1bado (6), os candidatos far\u00e3o provas de Ci\u00eancias Humanas e suas Tecnologias e Ci\u00eancias da Natureza e suas Tecnologias. J\u00e1 no domingo (7), Linguagens, C\u00f3digos e suas Tecnologias, al\u00e9m de Reda\u00e7\u00e3o, e Matem\u00e1tica e suas Tecnologias.<\/p>\n<p>Devido ao hor\u00e1rio brasileiro de ver\u00e3o, as provas no Piau\u00ed ter\u00e3o inicio \u00e0s 12h. Os candidatos devem estar nos locais de prova com uma hora de anteced\u00eancia. &#8220;Enfatizamos que \u00e9 importante a chegada dos participantes cedo nos locais de prova para evitar confus\u00f5es&#8221;, analisa a chefe da pasta da Educa\u00e7\u00e3o.<br \/>\nNo Piau\u00ed, os munic\u00edpios em que haver\u00e1 a prova s\u00e3o: Altos, Amarante, Barras, Batalha, Bom Jesus, Buriti dos Lopes, Campo Maior, Canto do Buriti, Castelo do Piau\u00ed, Corrente, Esperantina, Floriano, Inhuma, Jose de Freitas, Lu\u00eds Correa, Luzil\u00e2ndia, Miguel Alves, Monsenhor Gil, Oeiras, Parna\u00edba, Paulistana, Pedro II, Picos, Pio IX, Piracuruca, Piripiri, S\u00e3o Jo\u00e3o do Piau\u00ed, S\u00e3o Raimundo Nonato, Teresina, Uni\u00e3o, Uru\u00e7u\u00ed e Valen\u00e7a do Piau\u00ed.<\/p>\n<p>Recomenda\u00e7\u00f5es<br \/>\nNos dias de prova os candidatos devem levar ao local de prova um documento de identifica\u00e7\u00e3o com foto e caneta esferogr\u00e1fica na cor preta. Maria Xavier, destaca ainda que o Enem ter\u00e1 prova de l\u00edngua estrangeira (Ingl\u00eas e Espanhol) e que os candidatos devem marcar no gabarito no campo determinado a l\u00edngua escolhida no momento da inscri\u00e7\u00e3o.<\/p>\n<p>O candidato que n\u00e3o recebeu em casa o cart\u00e3o confirmando o local da prova deve visitar o sitio do Inep: http:\/\/www.enem.inep.gov.br\/ .<\/p>\n","protected":false},"excerpt":{"rendered":"<p>Cerca de 83 mil piauienses enfrentar\u00e3o neste final de semana a maratona de provas do Exame Nacional do Ensino M\u00e9dio (Enem). Com o objetivo de conseguirem acesso nas universidades e&#8230;<\/p>\n","protected":false},"author":1,"featured_media":0,"comment_status":"open","ping_status":"open","sticky":false,"template":"","format":"standard","meta":{"ngg_post_thumbnail":0,"footnotes":""},"categories":[243],"tags":[],"class_list":["post-5904","post","type-post","status-publish","format-standard","hentry","category-geral"],"views":391,"meta_data":{"thumb":"https:\/\/portalv1.com.br\/app\/wp-content\/uploads\/2010\/11\/enem.jpg","data":{"simple":"05\/11\/2010","date_time":"05\/11\/2010 05:44:10","date":"h\u00e1 15 anos"},"chapeu":"","source":""},"_links":{"self":[{"href":"https:\/\/portalv1.com.br\/api\/wp\/v2\/posts\/5904","targetHints":{"allow":["GET"]}}],"collection":[{"href":"https:\/\/portalv1.com.br\/api\/wp\/v2\/posts"}],"about":[{"href":"https:\/\/portalv1.com.br\/api\/wp\/v2\/types\/post"}],"author":[{"embeddable":true,"href":"https:\/\/portalv1.com.br\/api\/wp\/v2\/users\/1"}],"replies":[{"embeddable":true,"href":"https:\/\/portalv1.com.br\/api\/wp\/v2\/comments?post=5904"}],"version-history":[{"count":0,"href":"https:\/\/portalv1.com.br\/api\/wp\/v2\/posts\/5904\/revisions"}],"wp:attachment":[{"href":"https:\/\/portalv1.com.br\/api\/wp\/v2\/media?parent=5904"}],"wp:term":[{"taxonomy":"category","embeddable":true,"href":"https:\/\/portalv1.com.br\/api\/wp\/v2\/categories?post=5904"},{"taxonomy":"post_tag","embeddable":true,"href":"https:\/\/portalv1.com.br\/api\/wp\/v2\/tags?post=5904"}],"curies":[{"name":"wp","href":"https:\/\/api.w.org\/{rel}","templated":true}]}}