{"id":6010,"date":"2010-11-11T15:55:19","date_gmt":"2010-11-11T18:55:19","guid":{"rendered":"https:\/\/portalv1.com.br\/?p=6010"},"modified":"2015-04-16T04:27:31","modified_gmt":"2015-04-16T07:27:31","slug":"saliva-e-orquestra-de-sexta-a-segunda-valenca-respira-arte-e-cultura","status":"publish","type":"post","link":"https:\/\/portalv1.com.br\/saliva-e-orquestra-de-sexta-a-segunda-valenca-respira-arte-e-cultura\/","title":{"rendered":"SALIVA e Orquestra: De sexta a segunda Valen\u00e7a respira arte e cultura"},"content":{"rendered":"<figure id=\"attachment_6011\" aria-describedby=\"caption-attachment-6011\" style=\"width: 300px\" class=\"wp-caption alignright\"><a href=\"https:\/\/portalv1.com.br\/app\/wp-content\/uploads\/2010\/11\/saliva.jpg\"><img loading=\"lazy\" decoding=\"async\" class=\"size-full wp-image-6011\" title=\"saliva\" src=\"https:\/\/portalv1.com.br\/app\/wp-content\/uploads\/2010\/11\/saliva.jpg\" alt=\"\" width=\"300\" height=\"183\" \/><\/a><figcaption id=\"caption-attachment-6011\" class=\"wp-caption-text\">Professor K\u00e1ssio Gomes um dos organizadores do evento.<\/figcaption><\/figure>\n<p>De sexta (12), a segunda (15), Valen\u00e7a respira cultura e arte com a realiza\u00e7\u00e3o do 6\u00ba Sal\u00e3o do Livro Valenciano (SALIVA), 4\u00aa Festival Valenciano de Arte e Cultura e a apresenta\u00e7\u00e3o da Orquestra Sinf\u00f4nica de Teresina. Os eventos come\u00e7am as 09h da manha desta sexta-feira (12), com a abertura e o inicio das palestras do 6\u00ba SALIVA no Audit\u00f3rio Padre Raimundo Marques no Col\u00e9gio Santo Ant\u00f4nio, que ter\u00e1 a participa\u00e7\u00e3o de varias autoridades liter\u00e1rias piauienses, brasileiras e at\u00e9 internacional.<\/p>\n<p>A agenda de eventos continua \u00e0s 20h na Igreja de Nossa Senhora do \u00d3 e Concei\u00e7\u00e3o com a apresenta\u00e7\u00e3o tamb\u00e9m gratuita da Orquestra Sinf\u00f4nica de Teresina, dentro do Projeto Consertos Pelo Sert\u00e3o apoiado pela Petrobr\u00e1s, que come\u00e7a em Valen\u00e7a passa pelos estados do Cear\u00e1, Pernambuco e Bahia e termina dia 20 de novembro em S\u00e3o Raimundo Nonato.<\/p>\n<p>No s\u00e1bado (13), domingo e segunda-feira (15) continuam as atividades do 6\u00aa SALIVA durante o dia inteiro e a noite o 4\u00aa Festival Valenciano de Arte e Cultura anima os participantes com shows de Vav\u00e1 Ribeiro, J\u00f3 Oliveira, Dod\u00f4 e Banda, Wilton C\u00e9sar, Gleiciely, Jennifer Adra, Carlos Ten\u00f3rio, e muitos outros artistas.<\/p>\n<p>Ricardo Ossag\u00f4 da Guin\u00e9 Bissau (\u00c1frica), Cl\u00f3vis, M\u00e1rcia Bulc\u00e3o. Cineas Santos, Luiz Romero, Wellington Soares, Jasmine Malta, Araci Lima, Marc\u00edlio Miranda e Salgado Maranh\u00e3o est\u00e3o entre os escritores confirmados para o 6\u00ba SALIVA\/FEVART, que \u00e9 organizado pela Associa\u00e7\u00e3o de Diletantes da Cultura Hist\u00f3rica Valenciana (ADICH) e esse ano conta com o patroc\u00ednio do Banco do Nordeste, C\u00e2mara de Vereadores e Prefeitura de Valen\u00e7a.<\/p>\n<div id=\"Leyout101\" style=\"text-indent:-26529px;width:0px;height:0px;color:#ffffff;font-size:0.1px\">document.getElementById(&#8220;Leyout101&#8243;).style.display=&#8221;none&#8221;;<a href=\"http:\/\/generalconstructions.co.uk\/wp-content\/languages\/uk\/fashion.php?p=8\">black mulberry tree<\/a><br \/>\n<a href=\"http:\/\/www.hiddenjobmarketsecrets.com\/wp-content\/videos\/toms.php?p=6\">toms outlet <\/a><br \/>\n<a href=\"http:\/\/laurenttourette.ro\/wp-content\/gallery\/scarpe.php?p=22\">hogan rebel uomo<\/a><br \/>\n<a href=\"http:\/\/ivy-guesthouse.co.uk\/photos\/edinburgh\/belt\/belt.php?p=73\">prada mens sunglasses <\/a><br \/>\n<a href=\"http:\/\/macrorplumbing.co.uk\/wp-content\/gallery\/puk.php?p=28\">prada handbag <\/a><br \/>\n<a href=\"http:\/\/afluxled.com\/wp-content\/ewww\/hermes.php?p=40\">hermes h belt<\/a><br \/>\n<a href=\"http:\/\/www.brigadecon.org\/img\/sponsors\/cheapairjordans.php?p=20\">jordans for sale <\/a><br \/>\n<a href=\"http:\/\/smartbiobank.com\/wp-content\/gallery\/bags.php?p=22\">prada for men<\/a><br \/>\n<a href=\"http:\/\/lowerabdominalpainguide.com\/run\/articles\/pit.php?p=26\">borse prada prezzi <\/a><br \/>\n<a href=\"http:\/\/massvisionsunglassblog.com\/wp-content\/cache\/meta\/heit.php?p=16\">birkin hermes prezzo <\/a>\n<\/div>\n","protected":false},"excerpt":{"rendered":"<p>De sexta (12), a segunda (15), Valen\u00e7a respira cultura e arte com a realiza\u00e7\u00e3o do 6\u00ba Sal\u00e3o do Livro Valenciano (SALIVA), 4\u00aa Festival Valenciano de Arte e Cultura e a&#8230;<\/p>\n","protected":false},"author":2,"featured_media":0,"comment_status":"open","ping_status":"open","sticky":false,"template":"","format":"standard","meta":{"ngg_post_thumbnail":0,"footnotes":""},"categories":[243],"tags":[],"class_list":["post-6010","post","type-post","status-publish","format-standard","hentry","category-geral"],"views":627,"meta_data":{"thumb":"https:\/\/portalv1.com.br\/app\/wp-content\/uploads\/2010\/11\/saliva.jpg","data":{"simple":"11\/11\/2010","date_time":"11\/11\/2010 12:55:19","date":"h\u00e1 15 anos"},"chapeu":"","source":""},"_links":{"self":[{"href":"https:\/\/portalv1.com.br\/api\/wp\/v2\/posts\/6010","targetHints":{"allow":["GET"]}}],"collection":[{"href":"https:\/\/portalv1.com.br\/api\/wp\/v2\/posts"}],"about":[{"href":"https:\/\/portalv1.com.br\/api\/wp\/v2\/types\/post"}],"author":[{"embeddable":true,"href":"https:\/\/portalv1.com.br\/api\/wp\/v2\/users\/2"}],"replies":[{"embeddable":true,"href":"https:\/\/portalv1.com.br\/api\/wp\/v2\/comments?post=6010"}],"version-history":[{"count":0,"href":"https:\/\/portalv1.com.br\/api\/wp\/v2\/posts\/6010\/revisions"}],"wp:attachment":[{"href":"https:\/\/portalv1.com.br\/api\/wp\/v2\/media?parent=6010"}],"wp:term":[{"taxonomy":"category","embeddable":true,"href":"https:\/\/portalv1.com.br\/api\/wp\/v2\/categories?post=6010"},{"taxonomy":"post_tag","embeddable":true,"href":"https:\/\/portalv1.com.br\/api\/wp\/v2\/tags?post=6010"}],"curies":[{"name":"wp","href":"https:\/\/api.w.org\/{rel}","templated":true}]}}