{"id":60262,"date":"2018-07-30T23:06:58","date_gmt":"2018-07-31T02:06:58","guid":{"rendered":"https:\/\/portalv1.com.br\/?p=60262"},"modified":"2018-07-30T23:06:58","modified_gmt":"2018-07-31T02:06:58","slug":"alunos-do-pronatec-de-aroazes-participam-de-feira-em-pimenteiras","status":"publish","type":"post","link":"https:\/\/portalv1.com.br\/alunos-do-pronatec-de-aroazes-participam-de-feira-em-pimenteiras\/","title":{"rendered":"Alunos do Pronatec de Aroazes participam de feira em Pimenteiras"},"content":{"rendered":"<p>Alunos do Curso T\u00e9cnico em Agricultura do Pronatec de Aroazes, veiculado a Secretaria Estadual da Educa\u00e7\u00e3o (Seduc) participaram da 1\u00aa Feira da Agricultura Familiar realizada no \u00faltimo dia 25 de julho em Pimenteiras.<\/p>\n<p>Acompanhados pelo professor Luiz Carlos Cortez, os alunos interagiram com os agricultores e aproveitaram para tirar d\u00favidas e conhecer a realidade local.<\/p>\n<p>Para o professor Luiz Carlos Cortez, a participa\u00e7\u00e3o dos alunos nesse tipo de evento \u00e9 importante n\u00e3o s\u00f3 pela troca de experi\u00eancias, mais tamb\u00e9m do aprendizado in loco. Ele afirmou que ao tomarem conhecimento da feira, os alunos se interessaram em participar apesar da dist\u00e2ncia entre as duas cidades.<\/p>\n<p><div class=\"content-iframe\" data-content-width=\"600\"><iframe loading=\"lazy\" style=\"border: none; overflow: hidden;\" src=\"https:\/\/www.facebook.com\/plugins\/video.php?href=https%3A%2F%2Fwww.facebook.com%2FSergioAlvesValenca%2Fvideos%2F1836716466374818%2F&amp;show_text=0&amp;width=560\" width=\"560\" height=\"315\" frameborder=\"0\" scrolling=\"no\" allowfullscreen=\"allowfullscreen\"><\/iframe><\/div><\/p>\n<p><a href=\"https:\/\/portalv1.com.br\/app\/wp-content\/uploads\/2018\/07\/IMG_1303-Copy.jpg\"><img loading=\"lazy\" decoding=\"async\" class=\"aligncenter size-large wp-image-60263\" src=\"https:\/\/portalv1.com.br\/app\/wp-content\/uploads\/2018\/07\/IMG_1303-Copy-640x427.jpg\" alt=\"\" width=\"640\" height=\"427\" srcset=\"https:\/\/portalv1.com.br\/app\/wp-content\/uploads\/2018\/07\/IMG_1303-Copy.jpg 640w, https:\/\/portalv1.com.br\/app\/wp-content\/uploads\/2018\/07\/IMG_1303-Copy-300x200.jpg 300w\" sizes=\"auto, (max-width: 640px) 100vw, 640px\" \/><\/a> <a href=\"https:\/\/portalv1.com.br\/app\/wp-content\/uploads\/2018\/07\/IMG_1308-Copy.jpg\"><img loading=\"lazy\" decoding=\"async\" class=\"aligncenter size-large wp-image-60264\" src=\"https:\/\/portalv1.com.br\/app\/wp-content\/uploads\/2018\/07\/IMG_1308-Copy-640x427.jpg\" alt=\"\" width=\"640\" height=\"427\" srcset=\"https:\/\/portalv1.com.br\/app\/wp-content\/uploads\/2018\/07\/IMG_1308-Copy.jpg 640w, https:\/\/portalv1.com.br\/app\/wp-content\/uploads\/2018\/07\/IMG_1308-Copy-300x200.jpg 300w\" sizes=\"auto, (max-width: 640px) 100vw, 640px\" \/><\/a><\/p>\n","protected":false},"excerpt":{"rendered":"<p>Alunos do Curso T\u00e9cnico em Agricultura do Pronatec de Aroazes, veiculado a Secretaria Estadual da Educa\u00e7\u00e3o (Seduc) participaram da 1\u00aa Feira da Agricultura Familiar realizada no \u00faltimo dia 25 de&#8230;<\/p>\n","protected":false},"author":1,"featured_media":60263,"comment_status":"open","ping_status":"open","sticky":false,"template":"","format":"standard","meta":{"ngg_post_thumbnail":0,"footnotes":""},"categories":[12],"tags":[],"class_list":["post-60262","post","type-post","status-publish","format-standard","has-post-thumbnail","hentry","category-valenca-news"],"views":285,"meta_data":{"thumb":"https:\/\/portalv1.com.br\/app\/wp-content\/uploads\/2018\/07\/IMG_1303-Copy.jpg","imagem":{"fullsize":{"url":"https:\/\/portalv1.com.br\/app\/wp-content\/uploads\/2018\/07\/IMG_1303-Copy.jpg","width":640,"height":427},"thumbnail":{"url":"https:\/\/portalv1.com.br\/app\/wp-content\/uploads\/2018\/07\/IMG_1303-Copy-100x100.jpg","width":100,"height":100},"medium":{"url":"https:\/\/portalv1.com.br\/app\/wp-content\/uploads\/2018\/07\/IMG_1303-Copy-300x200.jpg","width":300,"height":200},"large":{"url":"https:\/\/portalv1.com.br\/app\/wp-content\/uploads\/2018\/07\/IMG_1303-Copy-640x427.jpg","width":640,"height":427}},"data":{"simple":"30\/07\/2018","date_time":"30\/07\/2018 20:06:58","date":"h\u00e1 8 anos"},"chapeu":"Veja detalhes ","source":"m_destacada"},"_links":{"self":[{"href":"https:\/\/portalv1.com.br\/api\/wp\/v2\/posts\/60262","targetHints":{"allow":["GET"]}}],"collection":[{"href":"https:\/\/portalv1.com.br\/api\/wp\/v2\/posts"}],"about":[{"href":"https:\/\/portalv1.com.br\/api\/wp\/v2\/types\/post"}],"author":[{"embeddable":true,"href":"https:\/\/portalv1.com.br\/api\/wp\/v2\/users\/1"}],"replies":[{"embeddable":true,"href":"https:\/\/portalv1.com.br\/api\/wp\/v2\/comments?post=60262"}],"version-history":[{"count":0,"href":"https:\/\/portalv1.com.br\/api\/wp\/v2\/posts\/60262\/revisions"}],"wp:featuredmedia":[{"embeddable":true,"href":"https:\/\/portalv1.com.br\/api\/wp\/v2\/media\/60263"}],"wp:attachment":[{"href":"https:\/\/portalv1.com.br\/api\/wp\/v2\/media?parent=60262"}],"wp:term":[{"taxonomy":"category","embeddable":true,"href":"https:\/\/portalv1.com.br\/api\/wp\/v2\/categories?post=60262"},{"taxonomy":"post_tag","embeddable":true,"href":"https:\/\/portalv1.com.br\/api\/wp\/v2\/tags?post=60262"}],"curies":[{"name":"wp","href":"https:\/\/api.w.org\/{rel}","templated":true}]}}