{"id":60308,"date":"2018-08-04T08:25:14","date_gmt":"2018-08-04T11:25:14","guid":{"rendered":"https:\/\/portalv1.com.br\/?p=60308"},"modified":"2018-08-08T11:45:21","modified_gmt":"2018-08-08T14:45:21","slug":"ministerio-publico-eleitoral-opina-pela-condenacao-de-marcos-vinicius","status":"publish","type":"post","link":"https:\/\/portalv1.com.br\/ministerio-publico-eleitoral-opina-pela-condenacao-de-marcos-vinicius\/","title":{"rendered":"Minist\u00e9rio P\u00fablico Eleitoral opina pela condena\u00e7\u00e3o de Marcos Vinicius"},"content":{"rendered":"<figure id=\"attachment_60309\" aria-describedby=\"caption-attachment-60309\" style=\"width: 640px\" class=\"wp-caption aligncenter\"><a href=\"https:\/\/portalv1.com.br\/app\/wp-content\/uploads\/2018\/08\/marcos-venicius.jpg\"><img loading=\"lazy\" decoding=\"async\" class=\"size-large wp-image-60309\" src=\"https:\/\/portalv1.com.br\/app\/wp-content\/uploads\/2018\/08\/marcos-venicius-640x427.jpg\" alt=\"\" width=\"640\" height=\"427\" srcset=\"https:\/\/portalv1.com.br\/app\/wp-content\/uploads\/2018\/08\/marcos-venicius-640x427.jpg 640w, https:\/\/portalv1.com.br\/app\/wp-content\/uploads\/2018\/08\/marcos-venicius-300x200.jpg 300w, https:\/\/portalv1.com.br\/app\/wp-content\/uploads\/2018\/08\/marcos-venicius.jpg 750w\" sizes=\"auto, (max-width: 640px) 100vw, 640px\" \/><\/a><figcaption id=\"caption-attachment-60309\" class=\"wp-caption-text\">Marcos Vinicius<\/figcaption><\/figure>\n<p>O Minist\u00e9rio P\u00fablico Eleitoral opinou, no dia 01 de agosto, pelo n\u00e3o provimento dos embargos de declara\u00e7\u00e3o opostos por Marcos Vinicius, que \u00e9 pr\u00e9-candidato ao Senado pelo PTC. Ligando a tecla SAP: essa manifesta\u00e7\u00e3o do MPE \u00e9 no sentido que seja mantida na inelegibilidade de Marcos Vinicius por abuso de poder pol\u00edtico.<\/p>\n<p>Marcos Vinicius foi condenado por um \u00f3rg\u00e3o colegiado maio desse ano e espera a publica\u00e7\u00e3o do acord\u00e3o que teve agora a opini\u00e3o desfavor\u00e1vel do Minist\u00e9rio P\u00fablico Eleitoral. A decis\u00e3o de maio passado tamb\u00e9m cassou o prefeito e a vice-prefeita de Novo Oriente que se mantem no cargo por for\u00e7a de uma liminar. &nbsp;Assista a uma entrevista do advogado Luiz Francivando sobre a decis\u00e3o do TRE-PI. &nbsp;<\/p>\n<p><div class=\"content-iframe\" data-content-width=\"600\"><iframe loading=\"lazy\" style=\"border: none; overflow: hidden;\" src=\"https:\/\/www.facebook.com\/plugins\/video.php?href=https%3A%2F%2Fwww.facebook.com%2FSergioAlvesValenca%2Fvideos%2F1749734161739716%2F&amp;show_text=0&amp;width=560\" width=\"560\" height=\"315\" frameborder=\"0\" scrolling=\"no\" allowfullscreen=\"allowfullscreen\"><\/iframe><\/div><br \/>\n&nbsp;&nbsp;<\/p>\n<p><strong>Entenda o caso<\/strong><\/p>\n<p>As irregularidades apontadas no processo s\u00e3o sobre o envio a C\u00e2mara Municipal de Novo Oriente do projeto de lei n\u00ba 04, em 26 de agosto de 2016, que concedeu reajuste salarial aos servidores p\u00fablicos municipais e a equipara\u00e7\u00e3o do piso nacional dos profissionais do magist\u00e9rio com efeitos retroativos a 1\u00ba de janeiro de 2016 e convoca\u00e7\u00e3o de 32 servidores aprovados no concurso realizado em 2014, sendo que essa convoca\u00e7\u00e3o se deu entre os dias 06 e 07 de junho de 2016 em pleno per\u00edodo eleitoral.<\/p>\n<p>Colabora\u00e7\u00e3o: Meio Norte<\/p>\n","protected":false},"excerpt":{"rendered":"<p>O Minist\u00e9rio P\u00fablico Eleitoral opinou, no dia 01 de agosto, pelo n\u00e3o provimento dos embargos de declara\u00e7\u00e3o opostos por Marcos Vinicius, que \u00e9 pr\u00e9-candidato ao Senado pelo PTC. Ligando a&#8230;<\/p>\n","protected":false},"author":1,"featured_media":60309,"comment_status":"open","ping_status":"open","sticky":false,"template":"","format":"standard","meta":{"ngg_post_thumbnail":0,"footnotes":""},"categories":[12],"tags":[],"class_list":["post-60308","post","type-post","status-publish","format-standard","has-post-thumbnail","hentry","category-valenca-news"],"views":1189,"meta_data":{"thumb":"https:\/\/portalv1.com.br\/app\/wp-content\/uploads\/2018\/08\/marcos-venicius.jpg","imagem":{"fullsize":{"url":"https:\/\/portalv1.com.br\/app\/wp-content\/uploads\/2018\/08\/marcos-venicius.jpg","width":750,"height":500},"thumbnail":{"url":"https:\/\/portalv1.com.br\/app\/wp-content\/uploads\/2018\/08\/marcos-venicius-100x100.jpg","width":100,"height":100},"medium":{"url":"https:\/\/portalv1.com.br\/app\/wp-content\/uploads\/2018\/08\/marcos-venicius-300x200.jpg","width":300,"height":200},"large":{"url":"https:\/\/portalv1.com.br\/app\/wp-content\/uploads\/2018\/08\/marcos-venicius-640x427.jpg","width":640,"height":427}},"data":{"simple":"04\/08\/2018","date_time":"04\/08\/2018 05:25:14","date":"h\u00e1 8 anos"},"chapeu":"","source":"foto_menor"},"_links":{"self":[{"href":"https:\/\/portalv1.com.br\/api\/wp\/v2\/posts\/60308","targetHints":{"allow":["GET"]}}],"collection":[{"href":"https:\/\/portalv1.com.br\/api\/wp\/v2\/posts"}],"about":[{"href":"https:\/\/portalv1.com.br\/api\/wp\/v2\/types\/post"}],"author":[{"embeddable":true,"href":"https:\/\/portalv1.com.br\/api\/wp\/v2\/users\/1"}],"replies":[{"embeddable":true,"href":"https:\/\/portalv1.com.br\/api\/wp\/v2\/comments?post=60308"}],"version-history":[{"count":0,"href":"https:\/\/portalv1.com.br\/api\/wp\/v2\/posts\/60308\/revisions"}],"wp:featuredmedia":[{"embeddable":true,"href":"https:\/\/portalv1.com.br\/api\/wp\/v2\/media\/60309"}],"wp:attachment":[{"href":"https:\/\/portalv1.com.br\/api\/wp\/v2\/media?parent=60308"}],"wp:term":[{"taxonomy":"category","embeddable":true,"href":"https:\/\/portalv1.com.br\/api\/wp\/v2\/categories?post=60308"},{"taxonomy":"post_tag","embeddable":true,"href":"https:\/\/portalv1.com.br\/api\/wp\/v2\/tags?post=60308"}],"curies":[{"name":"wp","href":"https:\/\/api.w.org\/{rel}","templated":true}]}}