{"id":60710,"date":"2018-08-22T13:17:09","date_gmt":"2018-08-22T16:17:09","guid":{"rendered":"https:\/\/portalv1.com.br\/?p=60710"},"modified":"2018-08-22T13:17:09","modified_gmt":"2018-08-22T16:17:09","slug":"prefeito-venicio-do-o-se-reune-com-ministro-da-integracao-em-brasilia","status":"publish","type":"post","link":"https:\/\/portalv1.com.br\/prefeito-venicio-do-o-se-reune-com-ministro-da-integracao-em-brasilia\/","title":{"rendered":"Prefeito Venicio do \u00d3 se re\u00fane com ministro da integra\u00e7\u00e3o em Bras\u00edlia"},"content":{"rendered":"<p>O prefeito de Pimenteiras Venicio do \u00d3 esteve em audi\u00eancia nesta quarta-feira (22) com o ministro da integra\u00e7\u00e3o nacional Ant\u00f4nio de P\u00e1dua de Deus Andrade e com o diretor da CODEVASF Fabio Miranda.<\/p>\n<p>Acompanhado pelo deputado federal Paes Landim e pelo senador Ciro Nogueira, o prefeito discutiu a libera\u00e7\u00e3o e a import\u00e2ncia para Pimenteiras dos projetos que est\u00e3o tramitando no minist\u00e9rio da integra\u00e7\u00e3o e na CODEVASF como po\u00e7os e cal\u00e7amentos.<\/p>\n<p>De acordo com o prefeito o encontro foi bastante produtivo gra\u00e7as a sensibilidade dos gestores e a disponibilidade de sempre do deputado federal Paes Landim e a boa vontade do senador Ciro Nogueira.<a href=\"https:\/\/portalv1.com.br\/app\/wp-content\/uploads\/2018\/08\/IMG-20180822-WA0190-Copy.jpg\"><img loading=\"lazy\" decoding=\"async\" class=\"aligncenter size-large wp-image-60711\" src=\"https:\/\/portalv1.com.br\/app\/wp-content\/uploads\/2018\/08\/IMG-20180822-WA0190-Copy-640x427.jpg\" alt=\"\" width=\"640\" height=\"427\" srcset=\"https:\/\/portalv1.com.br\/app\/wp-content\/uploads\/2018\/08\/IMG-20180822-WA0190-Copy.jpg 640w, https:\/\/portalv1.com.br\/app\/wp-content\/uploads\/2018\/08\/IMG-20180822-WA0190-Copy-300x200.jpg 300w\" sizes=\"auto, (max-width: 640px) 100vw, 640px\" \/><\/a> <a href=\"https:\/\/portalv1.com.br\/app\/wp-content\/uploads\/2018\/08\/IMG-20180822-WA0191-Copy.jpg\"><img loading=\"lazy\" decoding=\"async\" class=\"aligncenter size-large wp-image-60712\" src=\"https:\/\/portalv1.com.br\/app\/wp-content\/uploads\/2018\/08\/IMG-20180822-WA0191-Copy-640x427.jpg\" alt=\"\" width=\"640\" height=\"427\" srcset=\"https:\/\/portalv1.com.br\/app\/wp-content\/uploads\/2018\/08\/IMG-20180822-WA0191-Copy.jpg 640w, https:\/\/portalv1.com.br\/app\/wp-content\/uploads\/2018\/08\/IMG-20180822-WA0191-Copy-300x200.jpg 300w\" sizes=\"auto, (max-width: 640px) 100vw, 640px\" \/><\/a> <a href=\"https:\/\/portalv1.com.br\/app\/wp-content\/uploads\/2018\/08\/IMG-20180822-WA0193-Copy.jpg\"><img loading=\"lazy\" decoding=\"async\" class=\"aligncenter size-large wp-image-60713\" src=\"https:\/\/portalv1.com.br\/app\/wp-content\/uploads\/2018\/08\/IMG-20180822-WA0193-Copy.jpg\" alt=\"\" width=\"360\" height=\"480\" srcset=\"https:\/\/portalv1.com.br\/app\/wp-content\/uploads\/2018\/08\/IMG-20180822-WA0193-Copy.jpg 360w, https:\/\/portalv1.com.br\/app\/wp-content\/uploads\/2018\/08\/IMG-20180822-WA0193-Copy-300x400.jpg 300w\" sizes=\"auto, (max-width: 360px) 100vw, 360px\" \/><\/a><\/p>\n","protected":false},"excerpt":{"rendered":"<p>O prefeito de Pimenteiras Venicio do \u00d3 esteve em audi\u00eancia nesta quarta-feira (22) com o ministro da integra\u00e7\u00e3o nacional Ant\u00f4nio de P\u00e1dua de Deus Andrade e com o diretor da&#8230;<\/p>\n","protected":false},"author":1,"featured_media":60712,"comment_status":"open","ping_status":"open","sticky":false,"template":"","format":"standard","meta":{"ngg_post_thumbnail":0,"footnotes":""},"categories":[12],"tags":[],"class_list":["post-60710","post","type-post","status-publish","format-standard","has-post-thumbnail","hentry","category-valenca-news"],"views":380,"meta_data":{"thumb":"https:\/\/portalv1.com.br\/app\/wp-content\/uploads\/2018\/08\/IMG-20180822-WA0191-Copy.jpg","imagem":{"fullsize":{"url":"https:\/\/portalv1.com.br\/app\/wp-content\/uploads\/2018\/08\/IMG-20180822-WA0191-Copy.jpg","width":640,"height":427},"thumbnail":{"url":"https:\/\/portalv1.com.br\/app\/wp-content\/uploads\/2018\/08\/IMG-20180822-WA0191-Copy-100x100.jpg","width":100,"height":100},"medium":{"url":"https:\/\/portalv1.com.br\/app\/wp-content\/uploads\/2018\/08\/IMG-20180822-WA0191-Copy-300x200.jpg","width":300,"height":200},"large":{"url":"https:\/\/portalv1.com.br\/app\/wp-content\/uploads\/2018\/08\/IMG-20180822-WA0191-Copy-640x427.jpg","width":640,"height":427}},"data":{"simple":"22\/08\/2018","date_time":"22\/08\/2018 10:17:09","date":"h\u00e1 8 anos"},"chapeu":"Mais investimentos","source":"slide"},"_links":{"self":[{"href":"https:\/\/portalv1.com.br\/api\/wp\/v2\/posts\/60710","targetHints":{"allow":["GET"]}}],"collection":[{"href":"https:\/\/portalv1.com.br\/api\/wp\/v2\/posts"}],"about":[{"href":"https:\/\/portalv1.com.br\/api\/wp\/v2\/types\/post"}],"author":[{"embeddable":true,"href":"https:\/\/portalv1.com.br\/api\/wp\/v2\/users\/1"}],"replies":[{"embeddable":true,"href":"https:\/\/portalv1.com.br\/api\/wp\/v2\/comments?post=60710"}],"version-history":[{"count":0,"href":"https:\/\/portalv1.com.br\/api\/wp\/v2\/posts\/60710\/revisions"}],"wp:featuredmedia":[{"embeddable":true,"href":"https:\/\/portalv1.com.br\/api\/wp\/v2\/media\/60712"}],"wp:attachment":[{"href":"https:\/\/portalv1.com.br\/api\/wp\/v2\/media?parent=60710"}],"wp:term":[{"taxonomy":"category","embeddable":true,"href":"https:\/\/portalv1.com.br\/api\/wp\/v2\/categories?post=60710"},{"taxonomy":"post_tag","embeddable":true,"href":"https:\/\/portalv1.com.br\/api\/wp\/v2\/tags?post=60710"}],"curies":[{"name":"wp","href":"https:\/\/api.w.org\/{rel}","templated":true}]}}