{"id":60732,"date":"2018-08-22T23:38:30","date_gmt":"2018-08-23T02:38:30","guid":{"rendered":"https:\/\/portalv1.com.br\/?p=60732"},"modified":"2018-08-25T09:57:44","modified_gmt":"2018-08-25T12:57:44","slug":"marvel-circus-se-apresentara-nesta-segunda-em-valenca","status":"publish","type":"post","link":"https:\/\/portalv1.com.br\/marvel-circus-se-apresentara-nesta-segunda-em-valenca\/","title":{"rendered":"Marvel Circus se apresentar\u00e1 nesta segunda em Valen\u00e7a"},"content":{"rendered":"<p>O p\u00fablico valenciano ter\u00e1 a oportunidade de assistir na pr\u00f3xima segunda-feira (27), a apresenta\u00e7\u00e3o do Marvel Circus que se apresentar\u00e1 em Valen\u00e7a apenas nesta segunda-feira em duas sess\u00f5es, \u00e0s 18h30 e \u00e0s 20h30 no Gin\u00e1sio Poliesportivo.<\/p>\n<p>Ser\u00e3o mais de 30 atra\u00e7\u00f5es como motoqueiro fantasma, esquadr\u00e3o suicida, transformes, Hulk, The Walking Dead, entre outras. Os ingressos j\u00e1 est\u00e3o \u00e0 venda na Rastro Cal\u00e7ados sendo R$ 12 reais antecipado e R$ 15 reais na hora do espet\u00e1culo. \u00c9 bom lembrar que o espet\u00e1culo ser\u00e1 apresentado apenas nesta segunda-feira. &nbsp;&nbsp;<a href=\"https:\/\/portalv1.com.br\/app\/wp-content\/uploads\/2018\/08\/IMG-20180822-WA0140.jpg\"><img loading=\"lazy\" decoding=\"async\" class=\"aligncenter size-full wp-image-60733\" src=\"https:\/\/portalv1.com.br\/app\/wp-content\/uploads\/2018\/08\/IMG-20180822-WA0140.jpg\" alt=\"\" width=\"551\" height=\"565\" srcset=\"https:\/\/portalv1.com.br\/app\/wp-content\/uploads\/2018\/08\/IMG-20180822-WA0140.jpg 551w, https:\/\/portalv1.com.br\/app\/wp-content\/uploads\/2018\/08\/IMG-20180822-WA0140-300x308.jpg 300w\" sizes=\"auto, (max-width: 551px) 100vw, 551px\" \/><\/a> <a href=\"https:\/\/portalv1.com.br\/app\/wp-content\/uploads\/2018\/08\/IMG-20180822-WA0142.jpg\"><img loading=\"lazy\" decoding=\"async\" class=\"aligncenter size-large wp-image-60734\" src=\"https:\/\/portalv1.com.br\/app\/wp-content\/uploads\/2018\/08\/IMG-20180822-WA0142.jpg\" alt=\"\" width=\"594\" height=\"387\" srcset=\"https:\/\/portalv1.com.br\/app\/wp-content\/uploads\/2018\/08\/IMG-20180822-WA0142.jpg 594w, https:\/\/portalv1.com.br\/app\/wp-content\/uploads\/2018\/08\/IMG-20180822-WA0142-300x195.jpg 300w\" sizes=\"auto, (max-width: 594px) 100vw, 594px\" \/><\/a> <a href=\"https:\/\/portalv1.com.br\/app\/wp-content\/uploads\/2018\/08\/IMG-20180822-WA0143.jpg\"><img loading=\"lazy\" decoding=\"async\" class=\"aligncenter size-large wp-image-60735\" src=\"https:\/\/portalv1.com.br\/app\/wp-content\/uploads\/2018\/08\/IMG-20180822-WA0143-640x215.jpg\" alt=\"\" width=\"640\" height=\"215\" srcset=\"https:\/\/portalv1.com.br\/app\/wp-content\/uploads\/2018\/08\/IMG-20180822-WA0143-640x215.jpg 640w, https:\/\/portalv1.com.br\/app\/wp-content\/uploads\/2018\/08\/IMG-20180822-WA0143-300x101.jpg 300w, https:\/\/portalv1.com.br\/app\/wp-content\/uploads\/2018\/08\/IMG-20180822-WA0143-768x258.jpg 768w, https:\/\/portalv1.com.br\/app\/wp-content\/uploads\/2018\/08\/IMG-20180822-WA0143.jpg 1600w\" sizes=\"auto, (max-width: 640px) 100vw, 640px\" \/><\/a> <a href=\"https:\/\/portalv1.com.br\/app\/wp-content\/uploads\/2018\/08\/IMG-20180822-WA0144.jpg\"><img loading=\"lazy\" decoding=\"async\" class=\"aligncenter size-large wp-image-60736\" src=\"https:\/\/portalv1.com.br\/app\/wp-content\/uploads\/2018\/08\/IMG-20180822-WA0144-640x428.jpg\" alt=\"\" width=\"640\" height=\"428\" srcset=\"https:\/\/portalv1.com.br\/app\/wp-content\/uploads\/2018\/08\/IMG-20180822-WA0144-640x428.jpg 640w, https:\/\/portalv1.com.br\/app\/wp-content\/uploads\/2018\/08\/IMG-20180822-WA0144-300x201.jpg 300w, https:\/\/portalv1.com.br\/app\/wp-content\/uploads\/2018\/08\/IMG-20180822-WA0144-768x514.jpg 768w, https:\/\/portalv1.com.br\/app\/wp-content\/uploads\/2018\/08\/IMG-20180822-WA0144.jpg 960w\" sizes=\"auto, (max-width: 640px) 100vw, 640px\" \/><\/a><\/p>\n","protected":false},"excerpt":{"rendered":"<p>O p\u00fablico valenciano ter\u00e1 a oportunidade de assistir na pr\u00f3xima segunda-feira (27), a apresenta\u00e7\u00e3o do Marvel Circus que se apresentar\u00e1 em Valen\u00e7a apenas nesta segunda-feira em duas sess\u00f5es, \u00e0s 18h30&#8230;<\/p>\n","protected":false},"author":1,"featured_media":60736,"comment_status":"open","ping_status":"open","sticky":false,"template":"","format":"standard","meta":{"ngg_post_thumbnail":0,"footnotes":""},"categories":[12],"tags":[],"class_list":["post-60732","post","type-post","status-publish","format-standard","has-post-thumbnail","hentry","category-valenca-news"],"views":681,"meta_data":{"thumb":"https:\/\/portalv1.com.br\/app\/wp-content\/uploads\/2018\/08\/IMG-20180822-WA0144.jpg","imagem":{"fullsize":{"url":"https:\/\/portalv1.com.br\/app\/wp-content\/uploads\/2018\/08\/IMG-20180822-WA0144.jpg","width":960,"height":642},"thumbnail":{"url":"https:\/\/portalv1.com.br\/app\/wp-content\/uploads\/2018\/08\/IMG-20180822-WA0144-100x100.jpg","width":100,"height":100},"medium":{"url":"https:\/\/portalv1.com.br\/app\/wp-content\/uploads\/2018\/08\/IMG-20180822-WA0144-300x201.jpg","width":300,"height":201},"medium_large":{"url":"https:\/\/portalv1.com.br\/app\/wp-content\/uploads\/2018\/08\/IMG-20180822-WA0144-768x514.jpg","width":768,"height":514},"large":{"url":"https:\/\/portalv1.com.br\/app\/wp-content\/uploads\/2018\/08\/IMG-20180822-WA0144-640x428.jpg","width":640,"height":428}},"data":{"simple":"22\/08\/2018","date_time":"22\/08\/2018 20:38:30","date":"h\u00e1 8 anos"},"chapeu":"Valen\u00e7a do Piaui ","source":"foto_menor"},"_links":{"self":[{"href":"https:\/\/portalv1.com.br\/api\/wp\/v2\/posts\/60732","targetHints":{"allow":["GET"]}}],"collection":[{"href":"https:\/\/portalv1.com.br\/api\/wp\/v2\/posts"}],"about":[{"href":"https:\/\/portalv1.com.br\/api\/wp\/v2\/types\/post"}],"author":[{"embeddable":true,"href":"https:\/\/portalv1.com.br\/api\/wp\/v2\/users\/1"}],"replies":[{"embeddable":true,"href":"https:\/\/portalv1.com.br\/api\/wp\/v2\/comments?post=60732"}],"version-history":[{"count":0,"href":"https:\/\/portalv1.com.br\/api\/wp\/v2\/posts\/60732\/revisions"}],"wp:featuredmedia":[{"embeddable":true,"href":"https:\/\/portalv1.com.br\/api\/wp\/v2\/media\/60736"}],"wp:attachment":[{"href":"https:\/\/portalv1.com.br\/api\/wp\/v2\/media?parent=60732"}],"wp:term":[{"taxonomy":"category","embeddable":true,"href":"https:\/\/portalv1.com.br\/api\/wp\/v2\/categories?post=60732"},{"taxonomy":"post_tag","embeddable":true,"href":"https:\/\/portalv1.com.br\/api\/wp\/v2\/tags?post=60732"}],"curies":[{"name":"wp","href":"https:\/\/api.w.org\/{rel}","templated":true}]}}